{"id":94685,"date":"2018-03-27T19:04:22","date_gmt":"2018-03-27T22:04:22","guid":{"rendered":"http:\/\/diarioregionaljf.com.br\/2018\/03\/27\/semana-municipal-de-conscientizacao-sobre-o-autismo-tera-serie-de-palestras\/"},"modified":"2018-03-27T19:04:22","modified_gmt":"2018-03-27T22:04:22","slug":"semana-municipal-de-conscientizacao-sobre-o-autismo-tera-serie-de-palestras","status":"publish","type":"post","link":"https:\/\/diarioregionaldigital.com.br\/?p=94685","title":{"rendered":"\u201cSemana Municipal de Conscientiza\u00e7\u00e3o sobre o Autismo\u201d ter\u00e1 s\u00e9rie de palestras"},"content":{"rendered":"<p>Para marcar o Dia Mundial de Conscientiza\u00e7\u00e3o do Autismo, 2 de abril, a Secretaria de Sa\u00fade (SS), atrav\u00e9s do Departamento de Sa\u00fade Mental (DSME), em parceria com o Grupo de Apoio a Pais e Profissionais de Pessoas com Autismo (Gappa), realizar\u00e1 uma semana especial com diversas atra\u00e7\u00f5es, entre 2 e 8 de abril.<\/p>\n<p>O tema ser\u00e1 a \u201cInclus\u00e3o sem preconceito, semeie essa ideia\u201d, e haver\u00e1 mesas-redondas, palestras, passeatas, recrea\u00e7\u00f5es, distribui\u00e7\u00e3o de panfletos e atividades com a finalidade de mobilizar usu\u00e1rios, familiares, trabalhadores e a comunidade em prol da discuss\u00e3o e do combate ao preconceito e \u00e0 falta de informa\u00e7\u00e3o sobre o tema.<\/p>\n<p>O DSME promover\u00e1, no pr\u00f3ximo dia 2, na Pra\u00e7a Trevo do bairro Bom Pastor, a partir das 14h, a distribui\u00e7\u00e3o de folhetos com o objetivo de conscientizar a popula\u00e7\u00e3o sobre os sintomas do autismo e o papel do Centro de Aten\u00e7\u00e3o Psicossocial Infantojuvenil (Caps IJ) no atendimento a esse p\u00fablico. Al\u00e9m disso, haver\u00e1 a entrega de sementes de girassol, cataventos na cor azul, confeccionados pelos usu\u00e1rios, e apresenta\u00e7\u00e3o dos M\u00e9dicos do Barulho.<\/p>\n<p>No dia 6 de abril, acontece a mesa-redonda com o tema: \u201cAutismo: Desvende esse Mundo\u201d, no audit\u00f3rio do Centro de Vigil\u00e2ncia em Sa\u00fade (Avenida dos Andradas, n\u00ba 475, Centro), das 10h \u00e0s 12h, com a participa\u00e7\u00e3o da coordenadora do Caps IJ, Elaine Schuchter, o neuropediatra Bernardo Fuscaldi, a fonoaudi\u00f3loga Let\u00edcia Cintra e a m\u00e9dica especialista em psiquiatria da inf\u00e2ncia e adolesc\u00eancia da Universidade Federal de Juiz de Fora (UFJF), M\u00e1rcia F\u00e1vero. A mesa ser\u00e1 aberta aos servidores da Prefeitura de Juiz de Fora (PJF) e ao p\u00fablico externo. As inscri\u00e7\u00f5es podem ser realizadas atrav\u00e9s do e-mail: dsme@pjf.mg.gov.br.<\/p>\n<h4>AUTISMO<\/h4>\n<p>O autismo \u00e9 um transtorno do desenvolvimento, chamado Transtorno do Espectro Autista (TEA), cujos sinais surgem antes dos tr\u00eas anos de idade. Os principais sintomas s\u00e3o: problemas com a linguagem, intera\u00e7\u00e3o social e comportamento (restrito e repetitivo).<\/p>\n<p>Atinge mais os meninos, com propor\u00e7\u00e3o de cerca de cinco casos entre eles para um entre meninas. A identifica\u00e7\u00e3o precoce \u00e9 importante para que as crian\u00e7as com autismo tenham acesso a a\u00e7\u00f5es e programas de interven\u00e7\u00e3o, com melhores resultados. Os casos em que h\u00e1 suspeita de autismo na inf\u00e2ncia devem ser analisados, principalmente, por neuropediatras ou psiquiatras infantis.<\/p>\n<p>O Gappa promove uma s\u00e9rie de palestras com temas variados e \u00e9 preciso fazer inscri\u00e7\u00e3o. Confira:<\/p>\n<p><strong>3\/4 \u2013 Ter\u00e7a-feira<\/strong><br \/>Autismo e Gen\u00e9tica e a Interven\u00e7\u00e3o Precoce<\/p>\n<p><strong>4\/4 \u2013 Quarta-feira<\/strong><br \/>A inclus\u00e3o na Rede Municipal de Ensino, ABA e autismo, Terapia assistida por animais, e<br \/>Autismo e medica\u00e7\u00e3o.<\/p>\n<p><strong>5\/4 \u2013 Quinta-feira<\/strong><br \/>Mesa-redonda: Trocando experi\u00eancias sobre o autismo e A sa\u00fade do cuidador.<\/p>\n<p><strong>6\/4 \u2013 Sexta-feira<\/strong><br \/>Equoterapia no autismo e Integra\u00e7\u00e3o sensorial<\/p>\n<p>Fonte: Assessoria<\/p>\n","protected":false},"excerpt":{"rendered":"<p>Para marcar o Dia Mundial de Conscientiza\u00e7\u00e3o do Autismo, 2 de abril, a Secretaria de Sa\u00fade (SS), atrav\u00e9s do Departamento de Sa\u00fade Mental (DSME), em parceria com o Grupo de Apoio a Pais e Profissionais de Pessoas com Autismo (Gappa), realizar\u00e1 uma semana especial com diversas atra\u00e7\u00f5es, entre 2 e 8 de abril. O tema [&hellip;]<\/p>\n","protected":false},"author":96,"featured_media":94684,"comment_status":"closed","ping_status":"closed","sticky":false,"template":"","format":"standard","meta":{"footnotes":""},"categories":[253],"tags":[],"class_list":["post-94685","post","type-post","status-publish","format-standard","has-post-thumbnail","hentry","category-cidade"],"_links":{"self":[{"href":"https:\/\/diarioregionaldigital.com.br\/index.php?rest_route=\/wp\/v2\/posts\/94685","targetHints":{"allow":["GET"]}}],"collection":[{"href":"https:\/\/diarioregionaldigital.com.br\/index.php?rest_route=\/wp\/v2\/posts"}],"about":[{"href":"https:\/\/diarioregionaldigital.com.br\/index.php?rest_route=\/wp\/v2\/types\/post"}],"author":[{"embeddable":true,"href":"https:\/\/diarioregionaldigital.com.br\/index.php?rest_route=\/wp\/v2\/users\/96"}],"replies":[{"embeddable":true,"href":"https:\/\/diarioregionaldigital.com.br\/index.php?rest_route=%2Fwp%2Fv2%2Fcomments&post=94685"}],"version-history":[{"count":0,"href":"https:\/\/diarioregionaldigital.com.br\/index.php?rest_route=\/wp\/v2\/posts\/94685\/revisions"}],"wp:featuredmedia":[{"embeddable":true,"href":"https:\/\/diarioregionaldigital.com.br\/index.php?rest_route=\/wp\/v2\/media\/94684"}],"wp:attachment":[{"href":"https:\/\/diarioregionaldigital.com.br\/index.php?rest_route=%2Fwp%2Fv2%2Fmedia&parent=94685"}],"wp:term":[{"taxonomy":"category","embeddable":true,"href":"https:\/\/diarioregionaldigital.com.br\/index.php?rest_route=%2Fwp%2Fv2%2Fcategories&post=94685"},{"taxonomy":"post_tag","embeddable":true,"href":"https:\/\/diarioregionaldigital.com.br\/index.php?rest_route=%2Fwp%2Fv2%2Ftags&post=94685"}],"curies":[{"name":"wp","href":"https:\/\/api.w.org\/{rel}","templated":true}]}}