{"id":94657,"date":"2018-03-27T11:16:40","date_gmt":"2018-03-27T14:16:40","guid":{"rendered":"http:\/\/diarioregionaljf.com.br\/2018\/03\/27\/especialistas-da-onu-consideram-alarmante-assassinato-de-marielle-franco\/"},"modified":"2018-03-27T11:16:40","modified_gmt":"2018-03-27T14:16:40","slug":"especialistas-da-onu-consideram-alarmante-assassinato-de-marielle-franco","status":"publish","type":"post","link":"https:\/\/diarioregionaldigital.com.br\/?p=94657","title":{"rendered":"Especialistas da ONU consideram alarmante assassinato de Marielle Franco"},"content":{"rendered":"<p>Especialistas da Organiza\u00e7\u00e3o das Na\u00e7\u00f5es Unidas (ONU) ligados a quest\u00f5es de direitos humanos e de g\u00eanero divulgaram nessa segunda-feira, 26, comunicado no qual consideram \u201cprofundamente alarmante\u201d o assassinato da vereadora Marielle Franco (PSOL-RJ), no dia 14 de mar\u00e7o, e do motorista Anderson Gomes. A vereadora foi atingida por quatro tiros na cabe\u00e7a e o motorista por tr\u00eas tiros nas costas. Uma assessora que estava no carro sofreu ferimentos leves.<\/p>\n<p>Os especialistas integram os Procedimentos Especiais do Conselho dos Direitos Humanos, o maior \u00f3rg\u00e3o de especialistas independentes no Sistema de Direitos Humanos da ONU, como s\u00e3o conhecidos os mecanismos independentes de monitoramento de direitos humanos do Conselho.<\/p>\n<p>\u201cO assassinato de Marielle \u00e9 alarmante, j\u00e1 que ele tem o objetivo de intimidar todos aqueles que lutam por direitos humanos e pelo Estado de direito no Brasil\u201d, apontaram no comunicado conjunto.<\/p>\n<p>Os especialistas da ONU pedem investiga\u00e7\u00e3o r\u00e1pida e imparcial dos assassinatos, alertando que a execu\u00e7\u00e3o de Marielle \u00e9 um sintoma assustador dos atuais n\u00edveis de viol\u00eancia no pa\u00eds. \u201cMarielle foi uma extraordin\u00e1ria defensora de direitos humanos. Ela defendeu os direitos dos negros, das popula\u00e7\u00f5es LGBTI, das mulheres e dos jovens das favelas mais pobres do Rio. Marielle ser\u00e1 lembrada como um s\u00edmbolo de resist\u00eancia para comunidades marginalizadas historicamente no Brasil\u201d, diz o comunicado.<\/p>\n<p>No comunicado eles lembram que Marielle criticou o uso da for\u00e7a militar no Rio de Janeiro e a interven\u00e7\u00e3o federal na seguran\u00e7a p\u00fablica do estado. Pedem ainda \u00e0s autoridades brasileiras mais prote\u00e7\u00e3o de defensores de direitos humanos do pa\u00eds. \u201cPedimos \u00e0s autoridades brasileiras que usem este momento tr\u00e1gico para revisar suas escolhas em promo\u00e7\u00e3o de seguran\u00e7a p\u00fablica e, em particular, para intensificar substancialmente a prote\u00e7\u00e3o de defensores de direitos humanos no pa\u00eds\u201d.<\/p>\n<p>Os especialistas da ONU lembram que como vereadora, Marielle integrava a comiss\u00e3o que acompanha a interven\u00e7\u00e3o no Rio de Janeiro e que poucos dias antes de sua morte denunciou o uso da for\u00e7a pela Pol\u00edcia Militar na Favela de Acari, na zona norte da cidade.<\/p>\n<p>Eles destacaram ainda que, neste fim de semana, oito pessoas morreram durante uma opera\u00e7\u00e3o policial na Rocinha, na zona sul do Rio, e ressaltaram que a seguran\u00e7a p\u00fablica nunca deve ser feita \u00e0s custas de direitos humanos. \u201cRespostas repressivas que miram e marginalizam pessoas pobres e negras s\u00e3o inaceit\u00e1veis e contraprodutivas\u201d.<\/p>\n<p>O comunicado \u00e9 assinado pelas relatoras especial sobre Viol\u00eancia Contra Mulher, Suas Causas e Consequ\u00eancias, Dubravka \u0160imonovi ; especial sobre Execu\u00e7\u00f5es Extrajudiciais, Sum\u00e1rias ou Arbitr\u00e1rias, Agnes Callamard; especial sobre Formas Contempor\u00e2neas de Racismo, Discrimina\u00e7\u00e3o Racial, Xenofobia e Intoler\u00e2ncia, E. Tendayi Achiume; pelo presidente do Grupo de Trabalho dos Especialistas em Pessoas de Origem Africana, Michal Balcerzak; pelo especialista independente em Prote\u00e7\u00e3o contra Viol\u00eancia e Discrimina\u00e7\u00e3o Baseada em Orienta\u00e7\u00e3o Sexual e Identidade de G\u00eanero, Victor Madrigal-Borloz; pela presidente do Grupo de Trabalho sobre Temas Relacionados \u00e0 Discrimina\u00e7\u00e3o, Legal ou Pr\u00e1tica, Contra a Mulher, Alda Facio.<\/p>\n<p>Segundo a ONU, os titulares de mandato dos Procedimentos Especiais \u201cs\u00e3o especialistas independentes em direitos humanos nomeados pelo Conselho para abordar situa\u00e7\u00f5es espec\u00edficas de pa\u00edses ou quest\u00f5es tem\u00e1ticas em todas as partes do mundo. Os especialistas n\u00e3o s\u00e3o funcion\u00e1rios da ONU e s\u00e3o independentes de qualquer governo ou organiza\u00e7\u00e3o. Eles servem em sua capacidade individual e n\u00e3o recebem um sal\u00e1rio por seu trabalho\u201d.<\/p>\n<p>Fonte: Ag\u00eancia Brasil<\/p>\n","protected":false},"excerpt":{"rendered":"<p>Especialistas da Organiza\u00e7\u00e3o das Na\u00e7\u00f5es Unidas (ONU) ligados a quest\u00f5es de direitos humanos e de g\u00eanero divulgaram nessa segunda-feira, 26, comunicado no qual consideram \u201cprofundamente alarmante\u201d o assassinato da vereadora Marielle Franco (PSOL-RJ), no dia 14 de mar\u00e7o, e do motorista Anderson Gomes. A vereadora foi atingida por quatro tiros na cabe\u00e7a e o motorista [&hellip;]<\/p>\n","protected":false},"author":96,"featured_media":94656,"comment_status":"closed","ping_status":"closed","sticky":false,"template":"","format":"standard","meta":{"footnotes":""},"categories":[302],"tags":[],"class_list":["post-94657","post","type-post","status-publish","format-standard","has-post-thumbnail","hentry","category-brasil-mundo"],"_links":{"self":[{"href":"https:\/\/diarioregionaldigital.com.br\/index.php?rest_route=\/wp\/v2\/posts\/94657","targetHints":{"allow":["GET"]}}],"collection":[{"href":"https:\/\/diarioregionaldigital.com.br\/index.php?rest_route=\/wp\/v2\/posts"}],"about":[{"href":"https:\/\/diarioregionaldigital.com.br\/index.php?rest_route=\/wp\/v2\/types\/post"}],"author":[{"embeddable":true,"href":"https:\/\/diarioregionaldigital.com.br\/index.php?rest_route=\/wp\/v2\/users\/96"}],"replies":[{"embeddable":true,"href":"https:\/\/diarioregionaldigital.com.br\/index.php?rest_route=%2Fwp%2Fv2%2Fcomments&post=94657"}],"version-history":[{"count":0,"href":"https:\/\/diarioregionaldigital.com.br\/index.php?rest_route=\/wp\/v2\/posts\/94657\/revisions"}],"wp:featuredmedia":[{"embeddable":true,"href":"https:\/\/diarioregionaldigital.com.br\/index.php?rest_route=\/wp\/v2\/media\/94656"}],"wp:attachment":[{"href":"https:\/\/diarioregionaldigital.com.br\/index.php?rest_route=%2Fwp%2Fv2%2Fmedia&parent=94657"}],"wp:term":[{"taxonomy":"category","embeddable":true,"href":"https:\/\/diarioregionaldigital.com.br\/index.php?rest_route=%2Fwp%2Fv2%2Fcategories&post=94657"},{"taxonomy":"post_tag","embeddable":true,"href":"https:\/\/diarioregionaldigital.com.br\/index.php?rest_route=%2Fwp%2Fv2%2Ftags&post=94657"}],"curies":[{"name":"wp","href":"https:\/\/api.w.org\/{rel}","templated":true}]}}