{"id":94655,"date":"2018-03-27T11:14:39","date_gmt":"2018-03-27T14:14:39","guid":{"rendered":"http:\/\/diarioregionaljf.com.br\/2018\/03\/27\/policia-militar-apreende-drogas-e-detem-trio-no-bonfim\/"},"modified":"2018-03-27T11:14:39","modified_gmt":"2018-03-27T14:14:39","slug":"policia-militar-apreende-drogas-e-detem-trio-no-bonfim","status":"publish","type":"post","link":"https:\/\/diarioregionaldigital.com.br\/?p=94655","title":{"rendered":"Pol\u00edcia Militar apreende drogas e det\u00e9m trio no Bonfim"},"content":{"rendered":"<p>Um jovem de 19 anos e dois homens, de 25 e 27 anos, foram presos por tr\u00e1fico de drogas no bairro Bonfim, zona Leste, na madrugada desta ter\u00e7a-feira, 27.<\/p>\n<p>De acordo com o registro da ocorr\u00eancia, uma guarni\u00e7\u00e3o da Pol\u00edcia Militar (PM) chegou at\u00e9 os suspeitos ap\u00f3s receber uma den\u00fancia da chegada de drogas em Juiz de Fora. Os entorpecentes estariam vindo do Rio de Janeiro.<\/p>\n<p>Com os autores, foram encontrados um rev\u00f3lver e quatro muni\u00e7\u00f5es intactas calibre .38, uma espingarda e uma muni\u00e7\u00e3o calibre .22, cerca de 100 gramas de maconha, duas balan\u00e7as de precis\u00e3o, seis frascos de lan\u00e7a perfume, um vidro de clorof\u00f3rmio, al\u00e9m de tr\u00eas celulares, duas toucas &#8216;ninja&#8217; e um par de luvas.<\/p>\n<p>Os tr\u00eas foram presos.<\/p>\n","protected":false},"excerpt":{"rendered":"<p>Um jovem de 19 anos e dois homens, de 25 e 27 anos, foram presos por tr\u00e1fico de drogas no bairro Bonfim, zona Leste, na madrugada desta ter\u00e7a-feira, 27. De acordo com o registro da ocorr\u00eancia, uma guarni\u00e7\u00e3o da Pol\u00edcia Militar (PM) chegou at\u00e9 os suspeitos ap\u00f3s receber uma den\u00fancia da chegada de drogas em [&hellip;]<\/p>\n","protected":false},"author":96,"featured_media":94654,"comment_status":"closed","ping_status":"closed","sticky":false,"template":"","format":"standard","meta":{"footnotes":""},"categories":[301],"tags":[],"class_list":["post-94655","post","type-post","status-publish","format-standard","has-post-thumbnail","hentry","category-artigos-policiais"],"_links":{"self":[{"href":"https:\/\/diarioregionaldigital.com.br\/index.php?rest_route=\/wp\/v2\/posts\/94655","targetHints":{"allow":["GET"]}}],"collection":[{"href":"https:\/\/diarioregionaldigital.com.br\/index.php?rest_route=\/wp\/v2\/posts"}],"about":[{"href":"https:\/\/diarioregionaldigital.com.br\/index.php?rest_route=\/wp\/v2\/types\/post"}],"author":[{"embeddable":true,"href":"https:\/\/diarioregionaldigital.com.br\/index.php?rest_route=\/wp\/v2\/users\/96"}],"replies":[{"embeddable":true,"href":"https:\/\/diarioregionaldigital.com.br\/index.php?rest_route=%2Fwp%2Fv2%2Fcomments&post=94655"}],"version-history":[{"count":0,"href":"https:\/\/diarioregionaldigital.com.br\/index.php?rest_route=\/wp\/v2\/posts\/94655\/revisions"}],"wp:featuredmedia":[{"embeddable":true,"href":"https:\/\/diarioregionaldigital.com.br\/index.php?rest_route=\/wp\/v2\/media\/94654"}],"wp:attachment":[{"href":"https:\/\/diarioregionaldigital.com.br\/index.php?rest_route=%2Fwp%2Fv2%2Fmedia&parent=94655"}],"wp:term":[{"taxonomy":"category","embeddable":true,"href":"https:\/\/diarioregionaldigital.com.br\/index.php?rest_route=%2Fwp%2Fv2%2Fcategories&post=94655"},{"taxonomy":"post_tag","embeddable":true,"href":"https:\/\/diarioregionaldigital.com.br\/index.php?rest_route=%2Fwp%2Fv2%2Ftags&post=94655"}],"curies":[{"name":"wp","href":"https:\/\/api.w.org\/{rel}","templated":true}]}}