{"id":94653,"date":"2018-03-27T11:06:11","date_gmt":"2018-03-27T14:06:11","guid":{"rendered":"http:\/\/diarioregionaljf.com.br\/2018\/03\/27\/temer-considera-hipotese-de-meirelles-sair-da-fazenda-mas-diz-que-equipe-fica\/"},"modified":"2018-03-27T11:06:11","modified_gmt":"2018-03-27T14:06:11","slug":"temer-considera-hipotese-de-meirelles-sair-da-fazenda-mas-diz-que-equipe-fica","status":"publish","type":"post","link":"https:\/\/diarioregionaldigital.com.br\/?p=94653","title":{"rendered":"Temer considera hip\u00f3tese de Meirelles sair da Fazenda, mas diz que equipe fica"},"content":{"rendered":"<p>O presidente da Rep\u00fablica, Michel Temer, disse nessa segunda, 26, em S\u00e3o Paulo, que o governo j\u00e1 considera a hip\u00f3tese da sa\u00edda do ministro da Fazenda, Henrique Meirelles, e que, se isso ocorrer, a base atual da equipe econ\u00f4mica ser\u00e1 mantida. &#8220;N\u00e3o podemos quebrar essa equipe econ\u00f4mica que est\u00e1 a\u00ed\u201d.<\/p>\n<p>\u201cEu e o ministro Meirelles consideramos as v\u00e1rias hip\u00f3teses no final de semana. N\u00e3o havia ainda exatamente uma decis\u00e3o. Mas consideramos a hip\u00f3tese de sua sa\u00edda. E, evidentemente, ao cuidar de sua sa\u00edda, se ele vier a sair [do governo], confio muito na indica\u00e7\u00e3o do seu substituto\u201d, disse o presidente a jornalistas, ap\u00f3s discursar por cerca de 45 minutos para membros da Federa\u00e7\u00e3o do Com\u00e9rcio de Bens, Servi\u00e7os e Turismo do Estado de S\u00e3o Paulo (FecomercioSP), no qual citou v\u00e1rios dos projetos realizados por seu governo em um ano e 11 meses de mandato.<\/p>\n<p>O presidente desconversou quando questionado por jornalistas se Meirelles vai compor com ele uma candidatura \u00e0 Presid\u00eancia da Rep\u00fablica, com o ministro ocupando uma chapa como vice-presidente. \u201cEle pode ocupar qualquer fun\u00e7\u00e3o no pa\u00eds. Pode ser candidato, pode ser vice, pode continuar ministro\u201d, disse Temer, ressaltando que, se Meireles se filiar ao MDB, ser\u00e1 \u201cmuito bem-vindo\u201d. \u201cN\u00e3o vejo obje\u00e7\u00e3o \u00e0 vinda dele ao MDB\u201d. Sobre sua pr\u00f3pria candidatura, Temer disse apenas que \u201cest\u00e1 considerando\u201d.<\/p>\n<h4>R\u00daSSIA<\/h4>\n<p>O presidente revelou que conversou nessa segunda-feira, 26, por telefone, com o presidente da R\u00fassia, Vladimir Putin. Segundo Temer, a conversa foi sobre problemas envolvendo a exporta\u00e7\u00e3o da carne brasileira. \u201cTratei sobre a quest\u00e3o agropecu\u00e1ria, sobre a quest\u00e3o da carne, porque houve embara\u00e7os na importa\u00e7\u00e3o de carne. Mas ele [Putin] se mostrou disposto a examinar isso com muita rapidez\u201d, disse.<\/p>\n<h4>BALAN\u00c7O DE GOVERNO<\/h4>\n<p>Durante o discurso na FecomercioSP e Federa\u00e7\u00e3o das Ind\u00fastrias do Estado de S\u00e3o Paulo (Fiesp), Temer fez um balan\u00e7o do seu governo e exaltou o atual momento do pa\u00eds. Durante o balan\u00e7o, o presidente citou a aprova\u00e7\u00e3o do teto para os gastos p\u00fablicos, a reforma do ensino m\u00e9dio, a repactua\u00e7\u00e3o da d\u00edvida dos estados, a recupera\u00e7\u00e3o das empresas estatais, a moraliza\u00e7\u00e3o das estatais, a interven\u00e7\u00e3o federal na seguran\u00e7a do Rio de Janeiro, a aprova\u00e7\u00e3o da reforma trabalhista e da lei da terceiriza\u00e7\u00e3o, entre outros. E disse que o pa\u00eds tem diminu\u00eddo seu d\u00e9ficit, que hoje est\u00e1 na casa dos R$ 139 bilh\u00f5es. \u201cIsso se chama responsabilidade fiscal\u201d.<\/p>\n<p>Temer falou tamb\u00e9m sobre a \u00e1rea social e da manuten\u00e7\u00e3o do programa Bolsa Fam\u00edlia. \u201cMantivemos o Bolsa Fam\u00edlia, que h\u00e1 mais de dois anos e meio n\u00e3o tinha aumento. E demos aumento. Mas o interessante na nossa concep\u00e7\u00e3o \u00e9 que ele \u00e9 um programa assistencial leg\u00edtimo no presente momento, mas n\u00e3o pode ser eterno. \u00c9 claro que esse h\u00e1 de ser um programa passageiro. Por isso adicionamos outro programa, o Progredir, onde se passa a empregar os filhos dos desfrutantes do Bolsa Fam\u00edlia. Com isso eles progridem e a progress\u00e3o vai dar a verdadeira inclus\u00e3o\u201d. Segundo o presidente, seu projeto para o pa\u00eds foi poss\u00edvel por meio de \u201cintenso di\u00e1logo com o Congresso Nacional e a sociedade\u201d.<\/p>\n<p>De acordo com o presidente, o Brasil precisa voltar a ser otimista. \u201cN\u00e3o temos raz\u00e3o para pessimismo. Temos raz\u00e3o para o otimismo. Vamos pegar o otimismo do pa\u00eds. Estamos crescendo, estamos desenvolvendo. Estas coisas n\u00e3o se resolvem, j\u00e1 que apanhamos o Brasil em uma recess\u00e3o extraordin\u00e1ria, de um dia para o outro. \u00c0s vezes, leva anos. Mas \u00e9 preciso come\u00e7ar e tenho certeza que come\u00e7amos. O Brasil voltou e vai ficar\u201d.<\/p>\n<p>Fonte: Ag\u00eancia Brasil<\/p>\n","protected":false},"excerpt":{"rendered":"<p>O presidente da Rep\u00fablica, Michel Temer, disse nessa segunda, 26, em S\u00e3o Paulo, que o governo j\u00e1 considera a hip\u00f3tese da sa\u00edda do ministro da Fazenda, Henrique Meirelles, e que, se isso ocorrer, a base atual da equipe econ\u00f4mica ser\u00e1 mantida. &#8220;N\u00e3o podemos quebrar essa equipe econ\u00f4mica que est\u00e1 a\u00ed\u201d. \u201cEu e o ministro Meirelles [&hellip;]<\/p>\n","protected":false},"author":96,"featured_media":94652,"comment_status":"closed","ping_status":"closed","sticky":false,"template":"","format":"standard","meta":{"footnotes":""},"categories":[254],"tags":[],"class_list":["post-94653","post","type-post","status-publish","format-standard","has-post-thumbnail","hentry","category-politica"],"_links":{"self":[{"href":"https:\/\/diarioregionaldigital.com.br\/index.php?rest_route=\/wp\/v2\/posts\/94653","targetHints":{"allow":["GET"]}}],"collection":[{"href":"https:\/\/diarioregionaldigital.com.br\/index.php?rest_route=\/wp\/v2\/posts"}],"about":[{"href":"https:\/\/diarioregionaldigital.com.br\/index.php?rest_route=\/wp\/v2\/types\/post"}],"author":[{"embeddable":true,"href":"https:\/\/diarioregionaldigital.com.br\/index.php?rest_route=\/wp\/v2\/users\/96"}],"replies":[{"embeddable":true,"href":"https:\/\/diarioregionaldigital.com.br\/index.php?rest_route=%2Fwp%2Fv2%2Fcomments&post=94653"}],"version-history":[{"count":0,"href":"https:\/\/diarioregionaldigital.com.br\/index.php?rest_route=\/wp\/v2\/posts\/94653\/revisions"}],"wp:featuredmedia":[{"embeddable":true,"href":"https:\/\/diarioregionaldigital.com.br\/index.php?rest_route=\/wp\/v2\/media\/94652"}],"wp:attachment":[{"href":"https:\/\/diarioregionaldigital.com.br\/index.php?rest_route=%2Fwp%2Fv2%2Fmedia&parent=94653"}],"wp:term":[{"taxonomy":"category","embeddable":true,"href":"https:\/\/diarioregionaldigital.com.br\/index.php?rest_route=%2Fwp%2Fv2%2Fcategories&post=94653"},{"taxonomy":"post_tag","embeddable":true,"href":"https:\/\/diarioregionaldigital.com.br\/index.php?rest_route=%2Fwp%2Fv2%2Ftags&post=94653"}],"curies":[{"name":"wp","href":"https:\/\/api.w.org\/{rel}","templated":true}]}}