{"id":94651,"date":"2018-03-27T11:02:58","date_gmt":"2018-03-27T14:02:58","guid":{"rendered":"http:\/\/diarioregionaljf.com.br\/2018\/03\/27\/projeto-da-ufjf-garante-atendimento-gratuito-a-pacientes-obesos-e-hipertensos\/"},"modified":"2018-03-27T11:02:58","modified_gmt":"2018-03-27T14:02:58","slug":"projeto-da-ufjf-garante-atendimento-gratuito-a-pacientes-obesos-e-hipertensos","status":"publish","type":"post","link":"https:\/\/diarioregionaldigital.com.br\/?p=94651","title":{"rendered":"Projeto da UFJF garante atendimento gratuito a pacientes obesos e hipertensos"},"content":{"rendered":"<p>Pacientes obesos e\/ou hipertensos podem procurar os servi\u00e7os do Projeto Obesidade e Hipertens\u00e3o, vinculado ao N\u00facleo Interdisciplinar de Estudos e Pesquisas em Nefrologia (Niepen), da Faculdade de Medicina da Universidade Federal de Juiz de Fora (UFJF). A iniciativa \u00e9 gratuita e existe desde 2008.<\/p>\n<p>O atendimento \u00e9 destinado a pacientes com idades entre 20 e 30 anos. \u201cInteressados podem ligar e agendar uma consulta. Ap\u00f3s triagem, eles podem fazer parte de pesquisas e passam por acompanhamento m\u00e9dico nutricional\u201d, afirma a coordenadora do projeto Carla Lanna.<\/p>\n<p>De acordo com a coordenadora, h\u00e1 ainda a possibilidade do encaminhamento dos pacientes para atividades f\u00edsicas em projetos da Faculdade de Educa\u00e7\u00e3o F\u00edsica e Desportos (Faefid). \u201cVamos acompanhando e depois eles s\u00e3o convidados para a atividade f\u00edsica, nos projetos de muscula\u00e7\u00e3o e aer\u00f3bico e nata\u00e7\u00e3o \u201d, explica.<\/p>\n<p>Parte dos pacientes j\u00e1 est\u00e1 h\u00e1 anos no projeto. Alguns entraram jovens e hoje est\u00e3o na idade adulta. \u201cMuitos deles s\u00e3o aqueles que eu j\u00e1 venho atendendo ao longo dos anos. A gente tem alguns pacientes que chegam por encaminhamento de outros m\u00e9dicos ou de outros atendidos, ou pessoas que leem sobre o projeto e que nos procuram\u201d, conta Carla.<\/p>\n<h4>BEM-ESTAR<\/h4>\n<p>Estudante de Qu\u00edmica na UFJF, Pedro Henrique Lopes Guimar\u00e3es, 22, \u00e9 atendido pelo projeto e percebe uma melhora em seu bem-estar. Ele conta que conheceu a iniciativa por uma m\u00e9dica do posto de sa\u00fade do Bairro Santos Dumont, em Juiz de Fora. \u201cAntes eu sentia pontadas no cora\u00e7\u00e3o um pouco preocupantes e alergia na pele, porque o sangue estava muito carregado de gordura. Eu percebi uma melhora nos exames, e parei de sentir esses sintomas\u201d, conta.<\/p>\n<p>O jovem come\u00e7ou com o acompanhamento para diminui\u00e7\u00e3o do colesterol e depois para a redu\u00e7\u00e3o de peso, com mudan\u00e7a na alimenta\u00e7\u00e3o e exerc\u00edcios f\u00edsicos. Na avalia\u00e7\u00e3o do estudante, o Obesidade e Hipertens\u00e3o oferece atendimento com mais rapidez que a rede p\u00fablica de Sa\u00fade. \u201cO servi\u00e7o oferecido seria muito demorado pelo SUS e, pelo sistema particular, eu n\u00e3o teria condi\u00e7\u00f5es. Isso pode dar uma certa esperan\u00e7a de pessoas das classes m\u00e9dia e baixa.\u201d<\/p>\n<p>Outro estudante da UFJF, Jeferson Coelho Feu, 22, foi atendido pelo projeto por aproximadamente um ano e seis meses. Hoje ele cursa Educa\u00e7\u00e3o F\u00edsica e conta que foi no Obesidade e Hipertens\u00e3o que descobriu a necessidade de se cuidar. \u201cO projeto foi de grande import\u00e2ncia para mim e minha fam\u00edlia. L\u00e1 que descobrimos que est\u00e1vamos no caminho errado, que o indiv\u00edduo tem que se alimentar bem, tem que ter uma boa sa\u00fade e procurar sempre uma qualidade de vida favor\u00e1vel para si. Ali\u00e1s, hoje curso Educa\u00e7\u00e3o F\u00edsica por conta disso. Quando precisei, um profissional da \u00e1rea me acompanhou e me inspirei nele e em seus atos.\u201d, avalia.<\/p>\n<h4>CONSULTAS<\/h4>\n<p>Os interessados pelo atendimento podem ligar (ou enviar mensagem pelo aplicativo Whatsapp) para o n\u00famero (32) 98704-5216 e agendar uma consulta. O projeto funciona na Funda\u00e7\u00e3o Imepen, na Rua Jos\u00e9 Louren\u00e7o Kelmer, 1300, 2\u00ba andar, S\u00e3o Pedro, em Juiz de Fora.<\/p>\n<p>Fonte: Assessoria \/ UFJF<\/p>\n","protected":false},"excerpt":{"rendered":"<p>Pacientes obesos e\/ou hipertensos podem procurar os servi\u00e7os do Projeto Obesidade e Hipertens\u00e3o, vinculado ao N\u00facleo Interdisciplinar de Estudos e Pesquisas em Nefrologia (Niepen), da Faculdade de Medicina da Universidade Federal de Juiz de Fora (UFJF). A iniciativa \u00e9 gratuita e existe desde 2008. O atendimento \u00e9 destinado a pacientes com idades entre 20 e [&hellip;]<\/p>\n","protected":false},"author":96,"featured_media":94650,"comment_status":"closed","ping_status":"closed","sticky":false,"template":"","format":"standard","meta":{"footnotes":""},"categories":[253],"tags":[],"class_list":["post-94651","post","type-post","status-publish","format-standard","has-post-thumbnail","hentry","category-cidade"],"_links":{"self":[{"href":"https:\/\/diarioregionaldigital.com.br\/index.php?rest_route=\/wp\/v2\/posts\/94651","targetHints":{"allow":["GET"]}}],"collection":[{"href":"https:\/\/diarioregionaldigital.com.br\/index.php?rest_route=\/wp\/v2\/posts"}],"about":[{"href":"https:\/\/diarioregionaldigital.com.br\/index.php?rest_route=\/wp\/v2\/types\/post"}],"author":[{"embeddable":true,"href":"https:\/\/diarioregionaldigital.com.br\/index.php?rest_route=\/wp\/v2\/users\/96"}],"replies":[{"embeddable":true,"href":"https:\/\/diarioregionaldigital.com.br\/index.php?rest_route=%2Fwp%2Fv2%2Fcomments&post=94651"}],"version-history":[{"count":0,"href":"https:\/\/diarioregionaldigital.com.br\/index.php?rest_route=\/wp\/v2\/posts\/94651\/revisions"}],"wp:featuredmedia":[{"embeddable":true,"href":"https:\/\/diarioregionaldigital.com.br\/index.php?rest_route=\/wp\/v2\/media\/94650"}],"wp:attachment":[{"href":"https:\/\/diarioregionaldigital.com.br\/index.php?rest_route=%2Fwp%2Fv2%2Fmedia&parent=94651"}],"wp:term":[{"taxonomy":"category","embeddable":true,"href":"https:\/\/diarioregionaldigital.com.br\/index.php?rest_route=%2Fwp%2Fv2%2Fcategories&post=94651"},{"taxonomy":"post_tag","embeddable":true,"href":"https:\/\/diarioregionaldigital.com.br\/index.php?rest_route=%2Fwp%2Fv2%2Ftags&post=94651"}],"curies":[{"name":"wp","href":"https:\/\/api.w.org\/{rel}","templated":true}]}}