{"id":94647,"date":"2018-03-27T10:52:24","date_gmt":"2018-03-27T13:52:24","guid":{"rendered":"http:\/\/diarioregionaljf.com.br\/2018\/03\/27\/temer-sanciona-lei-que-regulamenta-aplicativos-de-transporte-publico\/"},"modified":"2018-03-27T10:52:24","modified_gmt":"2018-03-27T13:52:24","slug":"temer-sanciona-lei-que-regulamenta-aplicativos-de-transporte-publico","status":"publish","type":"post","link":"https:\/\/diarioregionaldigital.com.br\/?p=94647","title":{"rendered":"Temer sanciona lei que regulamenta aplicativos de transporte p\u00fablico"},"content":{"rendered":"<p>O presidente Michel Temer sancionou nessa segunda-feira, 26, sem vetos, a lei que regulamenta os servi\u00e7os de transporte com aplicativos como Uber, Cabify e 99 POP. O texto passou pela \u00faltima vota\u00e7\u00e3o na C\u00e2mara no dia 1\u00ba de mar\u00e7o e seguiu para san\u00e7\u00e3o presidencial.<\/p>\n<p>Com a lei, n\u00e3o \u00e9 necess\u00e1ria autoriza\u00e7\u00e3o pr\u00e9via emitida pelo Poder P\u00fablico municipal para o motorista de aplicativo nos munic\u00edpios em que houver regulamenta\u00e7\u00e3o.<\/p>\n<p>Entre as regras de fiscaliza\u00e7\u00e3o previstas na lei est\u00e3o a exig\u00eancia de contrata\u00e7\u00e3o de seguro de Acidentes Pessoais a Passageiros (APP) e do Seguro Obrigat\u00f3rio de Danos Pessoais Causados por Ve\u00edculos Automotores de Vias Terrestres (DPVAT), al\u00e9m da necessidade de inscri\u00e7\u00e3o do motorista como contribuinte individual do Instituto Nacional do Seguro Social (INSS).<\/p>\n<p>Al\u00e9m disso, o motorista deve ser portador de Carteira Nacional de Habilita\u00e7\u00e3o na categoria B ou superior, que tenha a informa\u00e7\u00e3o de que ele exerce atividade remunerada. Aquele que descumprir as regras ter\u00e1 seu trabalho caracterizado como transporte ilegal de passageiros.<\/p>\n<p>Fonte: Ag\u00eancia Brasil<\/p>\n","protected":false},"excerpt":{"rendered":"<p>O presidente Michel Temer sancionou nessa segunda-feira, 26, sem vetos, a lei que regulamenta os servi\u00e7os de transporte com aplicativos como Uber, Cabify e 99 POP. O texto passou pela \u00faltima vota\u00e7\u00e3o na C\u00e2mara no dia 1\u00ba de mar\u00e7o e seguiu para san\u00e7\u00e3o presidencial. Com a lei, n\u00e3o \u00e9 necess\u00e1ria autoriza\u00e7\u00e3o pr\u00e9via emitida pelo Poder [&hellip;]<\/p>\n","protected":false},"author":96,"featured_media":94646,"comment_status":"closed","ping_status":"closed","sticky":false,"template":"","format":"standard","meta":{"footnotes":""},"categories":[254],"tags":[],"class_list":["post-94647","post","type-post","status-publish","format-standard","has-post-thumbnail","hentry","category-politica"],"_links":{"self":[{"href":"https:\/\/diarioregionaldigital.com.br\/index.php?rest_route=\/wp\/v2\/posts\/94647","targetHints":{"allow":["GET"]}}],"collection":[{"href":"https:\/\/diarioregionaldigital.com.br\/index.php?rest_route=\/wp\/v2\/posts"}],"about":[{"href":"https:\/\/diarioregionaldigital.com.br\/index.php?rest_route=\/wp\/v2\/types\/post"}],"author":[{"embeddable":true,"href":"https:\/\/diarioregionaldigital.com.br\/index.php?rest_route=\/wp\/v2\/users\/96"}],"replies":[{"embeddable":true,"href":"https:\/\/diarioregionaldigital.com.br\/index.php?rest_route=%2Fwp%2Fv2%2Fcomments&post=94647"}],"version-history":[{"count":0,"href":"https:\/\/diarioregionaldigital.com.br\/index.php?rest_route=\/wp\/v2\/posts\/94647\/revisions"}],"wp:featuredmedia":[{"embeddable":true,"href":"https:\/\/diarioregionaldigital.com.br\/index.php?rest_route=\/wp\/v2\/media\/94646"}],"wp:attachment":[{"href":"https:\/\/diarioregionaldigital.com.br\/index.php?rest_route=%2Fwp%2Fv2%2Fmedia&parent=94647"}],"wp:term":[{"taxonomy":"category","embeddable":true,"href":"https:\/\/diarioregionaldigital.com.br\/index.php?rest_route=%2Fwp%2Fv2%2Fcategories&post=94647"},{"taxonomy":"post_tag","embeddable":true,"href":"https:\/\/diarioregionaldigital.com.br\/index.php?rest_route=%2Fwp%2Fv2%2Ftags&post=94647"}],"curies":[{"name":"wp","href":"https:\/\/api.w.org\/{rel}","templated":true}]}}