{"id":94639,"date":"2018-03-26T22:45:34","date_gmt":"2018-03-27T01:45:34","guid":{"rendered":"http:\/\/diarioregionaljf.com.br\/2018\/03\/26\/prefeitura-municipal-de-descoberto-27-03-18\/"},"modified":"2018-08-13T20:32:56","modified_gmt":"2018-08-13T23:32:56","slug":"prefeitura-municipal-de-descoberto-27-03-18","status":"publish","type":"post","link":"https:\/\/diarioregionaldigital.com.br\/?p=94639","title":{"rendered":"Prefeitura Municipal De Descoberto 27\/03\/18"},"content":{"rendered":"<p style=\"text-align: center;\"><span class=\"h4\">EXTRATO DE CONTRATO<\/span><br \/>Pref. Municipal de Descoberto x Jo\u00e3o Paulo Guimares Fazza 059.216.126-93 &#8211; Objeto: Presta\u00e7\u00e3o de servi\u00e7os de musicaliza\u00e7\u00e3o para os alunos das 5\u00aa s\u00e9ries das escolas municipais &#8211; Fundamento: Preg\u00e3o 005\/2018 \u2013 Valor Global: 15.000,00 \u2013 Vig\u00eancia: 12 meses\u2013 Dot or\u00e7: 02.04002.12.361.0003.255-339039\/100 &#8211; Ass: 26\/03\/2018 &#8211; Foro: S\u00e3o Jo\u00e3o Nepomuceno\/MG.<\/p>\n<p class=\"h5\" style=\"text-align: center;\">Marcos de Ara\u00fajo Lima<br \/>Prefeito Municipal<\/p>\n","protected":false},"excerpt":{"rendered":"<p>EXTRATO DE CONTRATOPref. Municipal de Descoberto x Jo\u00e3o Paulo Guimares Fazza 059.216.126-93 &#8211; Objeto: Presta\u00e7\u00e3o de servi\u00e7os de musicaliza\u00e7\u00e3o para os alunos das 5\u00aa s\u00e9ries das escolas municipais &#8211; Fundamento: Preg\u00e3o 005\/2018 \u2013 Valor Global: 15.000,00 \u2013 Vig\u00eancia: 12 meses\u2013 Dot or\u00e7: 02.04002.12.361.0003.255-339039\/100 &#8211; Ass: 26\/03\/2018 &#8211; Foro: S\u00e3o Jo\u00e3o Nepomuceno\/MG. Marcos de Ara\u00fajo LimaPrefeito [&hellip;]<\/p>\n","protected":false},"author":96,"featured_media":0,"comment_status":"closed","ping_status":"closed","sticky":false,"template":"","format":"standard","meta":{"footnotes":""},"categories":[307],"tags":[],"class_list":["post-94639","post","type-post","status-publish","format-standard","hentry","category-editais"],"_links":{"self":[{"href":"https:\/\/diarioregionaldigital.com.br\/index.php?rest_route=\/wp\/v2\/posts\/94639","targetHints":{"allow":["GET"]}}],"collection":[{"href":"https:\/\/diarioregionaldigital.com.br\/index.php?rest_route=\/wp\/v2\/posts"}],"about":[{"href":"https:\/\/diarioregionaldigital.com.br\/index.php?rest_route=\/wp\/v2\/types\/post"}],"author":[{"embeddable":true,"href":"https:\/\/diarioregionaldigital.com.br\/index.php?rest_route=\/wp\/v2\/users\/96"}],"replies":[{"embeddable":true,"href":"https:\/\/diarioregionaldigital.com.br\/index.php?rest_route=%2Fwp%2Fv2%2Fcomments&post=94639"}],"version-history":[{"count":0,"href":"https:\/\/diarioregionaldigital.com.br\/index.php?rest_route=\/wp\/v2\/posts\/94639\/revisions"}],"wp:attachment":[{"href":"https:\/\/diarioregionaldigital.com.br\/index.php?rest_route=%2Fwp%2Fv2%2Fmedia&parent=94639"}],"wp:term":[{"taxonomy":"category","embeddable":true,"href":"https:\/\/diarioregionaldigital.com.br\/index.php?rest_route=%2Fwp%2Fv2%2Fcategories&post=94639"},{"taxonomy":"post_tag","embeddable":true,"href":"https:\/\/diarioregionaldigital.com.br\/index.php?rest_route=%2Fwp%2Fv2%2Ftags&post=94639"}],"curies":[{"name":"wp","href":"https:\/\/api.w.org\/{rel}","templated":true}]}}