{"id":94638,"date":"2018-03-26T22:43:56","date_gmt":"2018-03-27T01:43:56","guid":{"rendered":"http:\/\/diarioregionaljf.com.br\/2018\/03\/26\/prefeitura-municipal-de-tocatins-27-03-18\/"},"modified":"2018-08-13T20:32:56","modified_gmt":"2018-08-13T23:32:56","slug":"prefeitura-municipal-de-tocatins-27-03-18","status":"publish","type":"post","link":"https:\/\/diarioregionaldigital.com.br\/?p=94638","title":{"rendered":"Prefeitura Municipal de Tocatins 27\/03\/18"},"content":{"rendered":"<p style=\"text-align: center;\"><span class=\"h4\">AVISO DE LICITA\u00c7\u00c3O<\/span><br \/><span class=\"h4\">Licita\u00e7\u00e3o n\u00b0 003\/2018<\/span><br \/><span class=\"h4\">Modalidade de Preg\u00e3o Presencial n\u00b0 003\/2018<\/span><br \/>O Munic\u00edpio de Tocantins, na forma da lei, faz saber a todos os interessados que far\u00e1 licita\u00e7\u00e3o na modalidade de preg\u00e3o presencial cujo objeto \u00e9 o fornecimento de PNEUS, CAMARAS DE AR E PROTETORES enunciados no Anexo I do edital pelo sistema de REGISTRO DE PRE\u00c7OS, para atender as diversas Secretarias do Munic\u00edpio, no dia 12\/04\/2018 \u00e0s 08:30 horas na sala da comiss\u00e3o de licita\u00e7\u00e3o, localizada na Av. Padre Mac\u00e1rio, n\u00b0 129, bairro Centro, munic\u00edpio de TOCANTINS. O edital completo encontra-se a disposi\u00e7\u00e3o dos interessados no endere\u00e7o citado anteriormente, no hor\u00e1rio de expediente de 08:00 as 11:00 horas e 13:00 as 16:00 horas. TOCANTINS, 26 de mar\u00e7o de 2018. JANSEN PASCHOALINO ROCHA &#8211; PREGOEIRO<\/p>\n","protected":false},"excerpt":{"rendered":"<p>AVISO DE LICITA\u00c7\u00c3OLicita\u00e7\u00e3o n\u00b0 003\/2018Modalidade de Preg\u00e3o Presencial n\u00b0 003\/2018O Munic\u00edpio de Tocantins, na forma da lei, faz saber a todos os interessados que far\u00e1 licita\u00e7\u00e3o na modalidade de preg\u00e3o presencial cujo objeto \u00e9 o fornecimento de PNEUS, CAMARAS DE AR E PROTETORES enunciados no Anexo I do edital pelo sistema de REGISTRO DE PRE\u00c7OS, [&hellip;]<\/p>\n","protected":false},"author":96,"featured_media":0,"comment_status":"closed","ping_status":"closed","sticky":false,"template":"","format":"standard","meta":{"footnotes":""},"categories":[307],"tags":[],"class_list":["post-94638","post","type-post","status-publish","format-standard","hentry","category-editais"],"_links":{"self":[{"href":"https:\/\/diarioregionaldigital.com.br\/index.php?rest_route=\/wp\/v2\/posts\/94638","targetHints":{"allow":["GET"]}}],"collection":[{"href":"https:\/\/diarioregionaldigital.com.br\/index.php?rest_route=\/wp\/v2\/posts"}],"about":[{"href":"https:\/\/diarioregionaldigital.com.br\/index.php?rest_route=\/wp\/v2\/types\/post"}],"author":[{"embeddable":true,"href":"https:\/\/diarioregionaldigital.com.br\/index.php?rest_route=\/wp\/v2\/users\/96"}],"replies":[{"embeddable":true,"href":"https:\/\/diarioregionaldigital.com.br\/index.php?rest_route=%2Fwp%2Fv2%2Fcomments&post=94638"}],"version-history":[{"count":0,"href":"https:\/\/diarioregionaldigital.com.br\/index.php?rest_route=\/wp\/v2\/posts\/94638\/revisions"}],"wp:attachment":[{"href":"https:\/\/diarioregionaldigital.com.br\/index.php?rest_route=%2Fwp%2Fv2%2Fmedia&parent=94638"}],"wp:term":[{"taxonomy":"category","embeddable":true,"href":"https:\/\/diarioregionaldigital.com.br\/index.php?rest_route=%2Fwp%2Fv2%2Fcategories&post=94638"},{"taxonomy":"post_tag","embeddable":true,"href":"https:\/\/diarioregionaldigital.com.br\/index.php?rest_route=%2Fwp%2Fv2%2Ftags&post=94638"}],"curies":[{"name":"wp","href":"https:\/\/api.w.org\/{rel}","templated":true}]}}