{"id":94637,"date":"2018-03-26T22:19:31","date_gmt":"2018-03-27T01:19:31","guid":{"rendered":"http:\/\/diarioregionaljf.com.br\/2018\/03\/26\/cct-analisa-projeto-que-preve-a-digitalizacao-dos-prontuarios-medicos\/"},"modified":"2018-03-26T22:19:31","modified_gmt":"2018-03-27T01:19:31","slug":"cct-analisa-projeto-que-preve-a-digitalizacao-dos-prontuarios-medicos","status":"publish","type":"post","link":"https:\/\/diarioregionaldigital.com.br\/?p=94637","title":{"rendered":"CCT analisa projeto que prev\u00ea a digitaliza\u00e7\u00e3o dos prontu\u00e1rios m\u00e9dicos"},"content":{"rendered":"<p>Os prontu\u00e1rios dos pacientes dever\u00e3o ser digitalizados para facilitar o armazenamento. Este \u00e9 o teor do relat\u00f3rio de Waldemir Moka (PMDB-MS) ao PLS 167\/2014, um dos 27 itens na pauta da Comiss\u00e3o de Ci\u00eancia e Tecnologia (CCT) que poder\u00e3o ser votados em reuni\u00e3o prevista para esta ter\u00e7a-feira, 27.<\/p>\n<p>O relat\u00f3rio foi apresentado por Moka no dia 6, quando ele informou que &#8220;h\u00e1 uma press\u00e3o muito grande dos hospitais&#8221;, uma vez que pavilh\u00f5es inteiros, hoje utilizados para guardar a papelada, poder\u00e3o ser transformados em enfermarias e leitos. A despeito de muitos hospitais e cl\u00ednicas j\u00e1 utilizarem os prontu\u00e1rios eletr\u00f4nicos, a guarda em papel ainda \u00e9 prevista por lei.<\/p>\n<p>O projeto, inicialmente proposto por Roberto Requi\u00e3o (PMDB-PR), determina justamente o descarte dos documentos originais, a partir da certifica\u00e7\u00e3o digital. Ap\u00f3s o certificado no padr\u00e3o da Infraestrutura de Chaves P\u00fablicas Brasileira (ICP-Brasil), poder\u00e3o ser destru\u00eddos, com exce\u00e7\u00e3o dos considerados \u201cde valor hist\u00f3rico\u201d.<\/p>\n<p>O texto ainda adapta a proposta \u00e0s exig\u00eancias do Conselho Federal de Medicina (CFM), e resguarda a confidencialidade dos dados no processo de digitaliza\u00e7\u00e3o. Permite tamb\u00e9m a elimina\u00e7\u00e3o dos prontu\u00e1rios armazenados em meio eletr\u00f4nico ap\u00f3s 20 anos de sua \u00faltima altera\u00e7\u00e3o. Uma outra possibilidade ser\u00e1 a devolu\u00e7\u00e3o dos prontu\u00e1rios aos pacientes, em vez da elimina\u00e7\u00e3o.<\/p>\n<p>Tamb\u00e9m continua na pauta o PLS 285\/2017, que destina verbas do Fundo Penitenci\u00e1rio Nacional (Funpen) para a instala\u00e7\u00e3o e manuten\u00e7\u00e3o de equipamentos de bloqueio de sinais de celulares nos pres\u00eddios.<\/p>\n<p>O texto ainda determina que as telef\u00f4nicas franqueiem acesso irrestrito a todas as informa\u00e7\u00f5es e tecnologias necess\u00e1rias para que o \u00f3rg\u00e3o gestor do estabelecimento prisional possa impedir o acesso \u00e0s redes de tele e radiocomunica\u00e7\u00f5es e transmiss\u00e3o de dados, colaborando para a implementa\u00e7\u00e3o de solu\u00e7\u00f5es tecnol\u00f3gicas vi\u00e1veis, eficazes e eficientes.<\/p>\n<p>Fonte: Ag\u00eancia Senado<\/p>\n","protected":false},"excerpt":{"rendered":"<p>Os prontu\u00e1rios dos pacientes dever\u00e3o ser digitalizados para facilitar o armazenamento. Este \u00e9 o teor do relat\u00f3rio de Waldemir Moka (PMDB-MS) ao PLS 167\/2014, um dos 27 itens na pauta da Comiss\u00e3o de Ci\u00eancia e Tecnologia (CCT) que poder\u00e3o ser votados em reuni\u00e3o prevista para esta ter\u00e7a-feira, 27. O relat\u00f3rio foi apresentado por Moka no [&hellip;]<\/p>\n","protected":false},"author":96,"featured_media":94636,"comment_status":"closed","ping_status":"closed","sticky":false,"template":"","format":"standard","meta":{"footnotes":""},"categories":[254],"tags":[],"class_list":["post-94637","post","type-post","status-publish","format-standard","has-post-thumbnail","hentry","category-politica"],"_links":{"self":[{"href":"https:\/\/diarioregionaldigital.com.br\/index.php?rest_route=\/wp\/v2\/posts\/94637","targetHints":{"allow":["GET"]}}],"collection":[{"href":"https:\/\/diarioregionaldigital.com.br\/index.php?rest_route=\/wp\/v2\/posts"}],"about":[{"href":"https:\/\/diarioregionaldigital.com.br\/index.php?rest_route=\/wp\/v2\/types\/post"}],"author":[{"embeddable":true,"href":"https:\/\/diarioregionaldigital.com.br\/index.php?rest_route=\/wp\/v2\/users\/96"}],"replies":[{"embeddable":true,"href":"https:\/\/diarioregionaldigital.com.br\/index.php?rest_route=%2Fwp%2Fv2%2Fcomments&post=94637"}],"version-history":[{"count":0,"href":"https:\/\/diarioregionaldigital.com.br\/index.php?rest_route=\/wp\/v2\/posts\/94637\/revisions"}],"wp:featuredmedia":[{"embeddable":true,"href":"https:\/\/diarioregionaldigital.com.br\/index.php?rest_route=\/wp\/v2\/media\/94636"}],"wp:attachment":[{"href":"https:\/\/diarioregionaldigital.com.br\/index.php?rest_route=%2Fwp%2Fv2%2Fmedia&parent=94637"}],"wp:term":[{"taxonomy":"category","embeddable":true,"href":"https:\/\/diarioregionaldigital.com.br\/index.php?rest_route=%2Fwp%2Fv2%2Fcategories&post=94637"},{"taxonomy":"post_tag","embeddable":true,"href":"https:\/\/diarioregionaldigital.com.br\/index.php?rest_route=%2Fwp%2Fv2%2Ftags&post=94637"}],"curies":[{"name":"wp","href":"https:\/\/api.w.org\/{rel}","templated":true}]}}