{"id":94635,"date":"2018-03-26T22:15:34","date_gmt":"2018-03-27T01:15:34","guid":{"rendered":"http:\/\/diarioregionaljf.com.br\/2018\/03\/26\/alivio\/"},"modified":"2018-03-26T22:15:34","modified_gmt":"2018-03-27T01:15:34","slug":"alivio","status":"publish","type":"post","link":"https:\/\/diarioregionaldigital.com.br\/?p=94635","title":{"rendered":"Al\u00edvio"},"content":{"rendered":"<p style=\"text-align: center;\"><span class=\"h4\">Educa\u00e7\u00e3o<\/span><br \/>Os alunos do Col\u00e9gio Stella Matutina, sempre em atividades, participaram de uma rodada de conversa com foco na hist\u00f3ria e nos livros did\u00e1ticos para a forma\u00e7\u00e3o educacional. Para interagir com eles, foram convocados os historiadores Alfredo Boulos (PUC\/SP) e Cl\u00e1udia Viscardi (UFJF).<\/p>\n<p style=\"text-align: center;\"><span class=\"h4\">Al\u00edvio<\/span><br \/>Em boa hora, a Secretaria de Infraestrutura Cultural do Minist\u00e9rio da Cultura confirmou a emenda parlamentar do deputado Patrus Ananias, no valor de R$ 100 mil para o Museu Mariano Proc\u00f3pio. No ano passado, o parlamentar visitou o museu a convite do prefeito Bruno Siqueira e do vereador Wanderson Castelar.<\/p>\n<p style=\"text-align: center;\"><span class=\"h4\">Despedida<\/span><br \/>Primeiro cliente deste colunista em nosso in\u00edcio de carreira na \u00e1rea de publicidade, a Cometa Cal\u00e7ados fechou as portas. No in\u00edcio dos anos 90, a loja comandada pelo saudoso Nelson Valente foi homenageada na Noite de Gala recebendo o Trof\u00e9u Di\u00e1rio Regional, na \u00e1rea empresarial. Uma pena.<\/p>\n<p style=\"text-align: center;\"><span class=\"h4\">Press\u00e3o<\/span><br \/>Acuado pela baixa ades\u00e3o das ruas e pelo cerco de opositores \u00e0 caravana de Lula pelo Sul, o PT cobra engajamento da milit\u00e2ncia nas redes sociais. Com a dificuldade de organizar atos p\u00fablicos expressivos, a participa\u00e7\u00e3o dos apoiadores despencou e os advers\u00e1rios acabaram dominando as redes com cr\u00edticas. A presidente do PT, Gleise Hoffmann cobra rea\u00e7\u00e3o.<\/p>\n<p style=\"text-align: center;\"><span class=\"h4\">No Mercado<\/span><br \/>Uma delega\u00e7\u00e3o chinesa vir\u00e1 ao Brasil para o Rio 2C \u2013 Rio Content Mark, na terra carioca. \u00c9 a primeira vez que executivos do ramo de audiovisual daquele pa\u00eds mostram um interesse objetivo no mercado daqui. Os executivos participar\u00e3o do painel China in Deep. O evento acontecer\u00e1 em abril.<\/p>\n<p style=\"text-align: center;\"><span class=\"h4\">Bienal de S\u00e3o Paulo<\/span><br \/>Not\u00edcia vinda de S\u00e3o Paulo d\u00e1 conta que tr\u00eas cariocas est\u00e3o entre os oito artistas que ter\u00e3o obras encomendadas para a 33\u00aa Bienal Internacional de Arte de S\u00e3o Paulo: Luiza Cosman, Maria Laet e Nelson Felix. O evento acontece de 7 de setembro a 9 de dezembro, no Parque do Ibirapuera. O curador desta edi\u00e7\u00e3o ser\u00e1 o espanhol Gabriel P\u00e9rez \u2013 Barreiro.<\/p>\n<p style=\"text-align: center;\"><img decoding=\"async\" class=\" size-full wp-image-94626\" src=\"http:\/\/diarioregionaljf.com.br\/wp-content\/uploads\/2018\/03\/diario-int-25440-1.jpg\" alt=\"fotoa.jpg\" width=\"680\" style=\"display: block; margin-left: auto; margin-right: auto;\" srcset=\"https:\/\/diarioregionaldigital.com.br\/wp-content\/uploads\/2018\/03\/diario-int-25440-1.jpg 680w, https:\/\/diarioregionaldigital.com.br\/wp-content\/uploads\/2018\/03\/diario-int-25440-1-300x199.jpg 300w, https:\/\/diarioregionaldigital.com.br\/wp-content\/uploads\/2018\/03\/diario-int-25440-1-360x238.jpg 360w\" sizes=\"(max-width: 680px) 100vw, 680px\" \/>Abrindo a esta\u00e7\u00e3o outono especialmente para esta coluna on-line, a bela e capotante Andreza Dias<\/p>\n<p style=\"text-align: center;\"><img decoding=\"async\" class=\" size-full wp-image-94627\" src=\"http:\/\/diarioregionaljf.com.br\/wp-content\/uploads\/2018\/03\/diario-int-25440-2.jpg\" alt=\"fotob.jpg\" width=\"680\" style=\"display: block; margin-left: auto; margin-right: auto;\" srcset=\"https:\/\/diarioregionaldigital.com.br\/wp-content\/uploads\/2018\/03\/diario-int-25440-2.jpg 680w, https:\/\/diarioregionaldigital.com.br\/wp-content\/uploads\/2018\/03\/diario-int-25440-2-300x199.jpg 300w, https:\/\/diarioregionaldigital.com.br\/wp-content\/uploads\/2018\/03\/diario-int-25440-2-360x238.jpg 360w\" sizes=\"(max-width: 680px) 100vw, 680px\" \/>Neide Almada recebeu homenagem do Partido Verde (PV) pelo Dia da Mulher e posou na C\u00e2mara com o marido Zez\u00e9 do Pandeiro, Dani Almada Micucci e a filha Manuela, D\u00e9bora Almada e J\u00fanior<\/p>\n<p style=\"text-align: center;\"><img decoding=\"async\" class=\" size-full wp-image-94628\" src=\"http:\/\/diarioregionaljf.com.br\/wp-content\/uploads\/2018\/03\/diario-int-25440-3.jpg\" alt=\"fotoaa.jpg\" width=\"680\" style=\"display: block; margin-left: auto; margin-right: auto;\" srcset=\"https:\/\/diarioregionaldigital.com.br\/wp-content\/uploads\/2018\/03\/diario-int-25440-3.jpg 680w, https:\/\/diarioregionaldigital.com.br\/wp-content\/uploads\/2018\/03\/diario-int-25440-3-300x199.jpg 300w, https:\/\/diarioregionaldigital.com.br\/wp-content\/uploads\/2018\/03\/diario-int-25440-3-360x238.jpg 360w\" sizes=\"(max-width: 680px) 100vw, 680px\" \/>Os belos modelos Thaiane Gregory e Pedro Henrique enfeitam a noite social do CAER em Tr\u00eas Rios<\/p>\n<p style=\"text-align: center;\"><img decoding=\"async\" class=\" size-full wp-image-94629\" src=\"http:\/\/diarioregionaljf.com.br\/wp-content\/uploads\/2018\/03\/diario-int-25440-4.jpg\" alt=\"fotobb.jpg\" width=\"680\" style=\"display: block; margin-left: auto; margin-right: auto;\" srcset=\"https:\/\/diarioregionaldigital.com.br\/wp-content\/uploads\/2018\/03\/diario-int-25440-4.jpg 680w, https:\/\/diarioregionaldigital.com.br\/wp-content\/uploads\/2018\/03\/diario-int-25440-4-300x199.jpg 300w, https:\/\/diarioregionaldigital.com.br\/wp-content\/uploads\/2018\/03\/diario-int-25440-4-360x238.jpg 360w\" sizes=\"(max-width: 680px) 100vw, 680px\" \/>Na tarde festiva de comemora\u00e7\u00e3o dos 20 anos do Centro de Futebol Zico em S\u00e3o Pedro, Erika Beire, Breno e sua m\u00e3e Dani Verpel<\/p>\n<p style=\"text-align: center;\"><img decoding=\"async\" class=\" size-full wp-image-94630\" src=\"http:\/\/diarioregionaljf.com.br\/wp-content\/uploads\/2018\/03\/diario-int-25440-5.jpg\" alt=\"fotoc.jpg\" width=\"680\" style=\"display: block; margin-left: auto; margin-right: auto;\" srcset=\"https:\/\/diarioregionaldigital.com.br\/wp-content\/uploads\/2018\/03\/diario-int-25440-5.jpg 680w, https:\/\/diarioregionaldigital.com.br\/wp-content\/uploads\/2018\/03\/diario-int-25440-5-300x198.jpg 300w, https:\/\/diarioregionaldigital.com.br\/wp-content\/uploads\/2018\/03\/diario-int-25440-5-360x238.jpg 360w\" sizes=\"(max-width: 680px) 100vw, 680px\" \/>Em recente festa no Cascatinha, os bonitos Gustavo Gianetti e Renata, Carla Cabral e Harley Arruda<\/p>\n<p style=\"text-align: center;\"><img decoding=\"async\" class=\" size-full wp-image-94631\" src=\"http:\/\/diarioregionaljf.com.br\/wp-content\/uploads\/2018\/03\/diario-int-25440-6.jpg\" alt=\"fotod.jpg\" width=\"680\" style=\"display: block; margin-left: auto; margin-right: auto;\" srcset=\"https:\/\/diarioregionaldigital.com.br\/wp-content\/uploads\/2018\/03\/diario-int-25440-6.jpg 680w, https:\/\/diarioregionaldigital.com.br\/wp-content\/uploads\/2018\/03\/diario-int-25440-6-300x199.jpg 300w, https:\/\/diarioregionaldigital.com.br\/wp-content\/uploads\/2018\/03\/diario-int-25440-6-360x238.jpg 360w\" sizes=\"(max-width: 680px) 100vw, 680px\" \/>V\u00e2nia Salles festejou anivers\u00e1rio no Europa Pub com Renato Guerra e Bruna Paschoalino<\/p>\n<p style=\"text-align: center;\"><img decoding=\"async\" class=\" size-full wp-image-94632\" src=\"http:\/\/diarioregionaljf.com.br\/wp-content\/uploads\/2018\/03\/diario-int-25440-7.jpg\" alt=\"fotof.jpg\" width=\"680\" style=\"display: block; margin-left: auto; margin-right: auto;\" srcset=\"https:\/\/diarioregionaldigital.com.br\/wp-content\/uploads\/2018\/03\/diario-int-25440-7.jpg 680w, https:\/\/diarioregionaldigital.com.br\/wp-content\/uploads\/2018\/03\/diario-int-25440-7-300x199.jpg 300w, https:\/\/diarioregionaldigital.com.br\/wp-content\/uploads\/2018\/03\/diario-int-25440-7-360x238.jpg 360w\" sizes=\"(max-width: 680px) 100vw, 680px\" \/>No lan\u00e7amento outono-inverno da Kayau\u00ea, Gigi Fonseca, Lilian Batitucci e Marc\u00edlio Gomes<\/p>\n<p style=\"text-align: center;\"><img decoding=\"async\" class=\" size-full wp-image-94633\" src=\"http:\/\/diarioregionaljf.com.br\/wp-content\/uploads\/2018\/03\/diario-int-25440-8.jpg\" alt=\"fotoh.jpg\" width=\"680\" style=\"display: block; margin-left: auto; margin-right: auto;\" srcset=\"https:\/\/diarioregionaldigital.com.br\/wp-content\/uploads\/2018\/03\/diario-int-25440-8.jpg 680w, https:\/\/diarioregionaldigital.com.br\/wp-content\/uploads\/2018\/03\/diario-int-25440-8-300x199.jpg 300w, https:\/\/diarioregionaldigital.com.br\/wp-content\/uploads\/2018\/03\/diario-int-25440-8-360x238.jpg 360w\" sizes=\"(max-width: 680px) 100vw, 680px\" \/>Na Igreja S\u00e3o Jos\u00e9, o noivo L\u00e9o Miroudo com os amigos \u2013 parentes, Jeane Oliveira Toledo, J\u00falio Toledo e Marina Oliveira Toledo<\/p>\n<p style=\"text-align: center;\"><img decoding=\"async\" class=\" size-full wp-image-94634\" src=\"http:\/\/diarioregionaljf.com.br\/wp-content\/uploads\/2018\/03\/diario-int-25440-9.jpg\" alt=\"fotoi.jpg\" width=\"680\" style=\"display: block; margin-left: auto; margin-right: auto;\" srcset=\"https:\/\/diarioregionaldigital.com.br\/wp-content\/uploads\/2018\/03\/diario-int-25440-9.jpg 680w, https:\/\/diarioregionaldigital.com.br\/wp-content\/uploads\/2018\/03\/diario-int-25440-9-300x199.jpg 300w, https:\/\/diarioregionaldigital.com.br\/wp-content\/uploads\/2018\/03\/diario-int-25440-9-360x238.jpg 360w\" sizes=\"(max-width: 680px) 100vw, 680px\" \/>Fort\u00edssimo candidato ao Mr. Juiz de Fora 2018, Felipe Guzzo \u00e9 sucesso na bolsa de apostas para vencer o concurso<\/p>\n<p class=\"h4\" style=\"text-align: center;\">FOTOSS\u00cdNTESE<\/p>\n<p>Na 4\u00aa feira, 28, \u00e0s 19h30, ser\u00e1 realizada, em sess\u00e3o solene, a entrega da Men\u00e7\u00e3o Honrosa Vereadora Vera Faria para 19 mulheres de destaque em Juiz de Fora. Ser\u00e1 na C\u00e2mara Municipal.<\/p>\n<p>Sempre antenado com a arte e a cultura de Juiz de Fora, Jorge Sanglard est\u00e1 de volta \u00e0 ger\u00eancia do Departamento de Acervo T\u00e9cnico do Museu Mariano Proc\u00f3pio.<\/p>\n<p>Foi no CES\/JF o lan\u00e7amento do livro \u201cNeg\u00f3cios e carreiras\u201d, organizado pela escritora Rafaela Perensin e do palestrante Marcello Pepe. Correndo atr\u00e1s junto com eles, assinando o projeto editorial, Rodrigo Ara\u00fajo, Alexandra Peron, Susu Couto, Gena\u00edna Queiroz, Douglas Coutinho, Wendel Fernandes e Phil Magrath.<\/p>\n<p>Em ritmo refinado, ser\u00e1 dia 27, a palestra da jornalista Manoela C\u00e9sar, na Dubambu. Ela com muita sutileza lidera o \u2018blog\u2019 \u201cColher de Ch\u00e1 Noivas\u201d.<\/p>\n<p>Agendado para o dia 8 de abril a 2\u00aa Feira de Discos de Juiz de Fora. O evento aberto ao p\u00fablico \u00e9 direcionado a colecionadores, DJs, m\u00fasicos, produtores, curiosos e amantes da boa m\u00fasica de todas as idades.<\/p>\n<p>O prefeito Bruno Siqueira assinou, em seu gabinete, decreto que regulamenta a Lei de Pagamento por Servi\u00e7os Ambientais.<\/p>\n<p>Conforme ranking realizado pela Associa\u00e7\u00e3o Brasileira de Supermercados (Abras), em parceria com a Nielsen, o Grupo Bahamas \u00e9 a 16\u00aa maior rede de supermercado do pa\u00eds.<\/p>\n<p>Causa espanto nos dias atuais os casos de febre amarela em Juiz de Fora e em Minas Gerais. J\u00e1 foram registrados 396 casos, sendo 259 em pacientes hospitalizados e 137 \u00f3bitos.<\/p>\n<p>Regina Mirian est\u00e1 em S\u00e3o Jo\u00e3o das Tr\u00eas Ilhas e estar\u00e1 em Juiz de Fora no m\u00eas de abril com diversas atividades liter\u00e1rias. Ela \u00e9 presidente da Associa\u00e7\u00e3o de Amigos da Biblioteca Murilo Mendes.<\/p>\n<p>O elegante casal Maria Rita Gomes da Rocha e Roberto Lu\u00eds da Rocha afivelam as malas para tour pela Europa.<\/p>\n<p>Para sentir o outono: E no final assim calado eu sei que vou ser coroado rei de mim. Bom dia.<\/p>\n<p>&nbsp;<\/p>\n<p>&nbsp;<\/p>\n","protected":false},"excerpt":{"rendered":"<p>Educa\u00e7\u00e3oOs alunos do Col\u00e9gio Stella Matutina, sempre em atividades, participaram de uma rodada de conversa com foco na hist\u00f3ria e nos livros did\u00e1ticos para a forma\u00e7\u00e3o educacional. Para interagir com eles, foram convocados os historiadores Alfredo Boulos (PUC\/SP) e Cl\u00e1udia Viscardi (UFJF). Al\u00edvioEm boa hora, a Secretaria de Infraestrutura Cultural do Minist\u00e9rio da Cultura confirmou [&hellip;]<\/p>\n","protected":false},"author":96,"featured_media":94625,"comment_status":"closed","ping_status":"closed","sticky":false,"template":"","format":"standard","meta":{"footnotes":""},"categories":[264],"tags":[],"class_list":["post-94635","post","type-post","status-publish","format-standard","has-post-thumbnail","hentry","category-eduardo-gomes"],"_links":{"self":[{"href":"https:\/\/diarioregionaldigital.com.br\/index.php?rest_route=\/wp\/v2\/posts\/94635","targetHints":{"allow":["GET"]}}],"collection":[{"href":"https:\/\/diarioregionaldigital.com.br\/index.php?rest_route=\/wp\/v2\/posts"}],"about":[{"href":"https:\/\/diarioregionaldigital.com.br\/index.php?rest_route=\/wp\/v2\/types\/post"}],"author":[{"embeddable":true,"href":"https:\/\/diarioregionaldigital.com.br\/index.php?rest_route=\/wp\/v2\/users\/96"}],"replies":[{"embeddable":true,"href":"https:\/\/diarioregionaldigital.com.br\/index.php?rest_route=%2Fwp%2Fv2%2Fcomments&post=94635"}],"version-history":[{"count":0,"href":"https:\/\/diarioregionaldigital.com.br\/index.php?rest_route=\/wp\/v2\/posts\/94635\/revisions"}],"wp:featuredmedia":[{"embeddable":true,"href":"https:\/\/diarioregionaldigital.com.br\/index.php?rest_route=\/wp\/v2\/media\/94625"}],"wp:attachment":[{"href":"https:\/\/diarioregionaldigital.com.br\/index.php?rest_route=%2Fwp%2Fv2%2Fmedia&parent=94635"}],"wp:term":[{"taxonomy":"category","embeddable":true,"href":"https:\/\/diarioregionaldigital.com.br\/index.php?rest_route=%2Fwp%2Fv2%2Fcategories&post=94635"},{"taxonomy":"post_tag","embeddable":true,"href":"https:\/\/diarioregionaldigital.com.br\/index.php?rest_route=%2Fwp%2Fv2%2Ftags&post=94635"}],"curies":[{"name":"wp","href":"https:\/\/api.w.org\/{rel}","templated":true}]}}