{"id":94624,"date":"2018-03-26T21:29:15","date_gmt":"2018-03-27T00:29:15","guid":{"rendered":"http:\/\/diarioregionaljf.com.br\/2018\/03\/26\/fashion-news-25-de-marco-de-2018\/"},"modified":"2018-03-26T21:29:15","modified_gmt":"2018-03-27T00:29:15","slug":"fashion-news-25-de-marco-de-2018","status":"publish","type":"post","link":"https:\/\/diarioregionaldigital.com.br\/?p=94624","title":{"rendered":"FASHION NEWS &#8211; 25 de mar\u00e7o de 2018"},"content":{"rendered":"<h4 style=\"text-align: center;\">CASACOS DE PELE X SUSTENTABILIDADE<\/h4>\n<p style=\"text-align: center;\">Quem acompanha os grandes comunicadores de&nbsp;moda, Nacional e Internacional, j\u00e1 viu que a cada ano que passa, mais e mais estilistas abominam de suas cole\u00e7\u00f5es casacos de pele natural e investem em peles&nbsp;fake, mostrando um crescente fortalecimento das&nbsp;atividades sustent\u00e1veis no mundo. Dessa vez, quem&nbsp;levantou a bandeira e trouxe o assunto \u00e0 tona novamente,&nbsp;foi a herdeira e atual diretora criativa da gigante&nbsp;Versace, Donatela. \u201cFur? I\u2019m OUT of that!\u201d (Pele? Eu&nbsp;estou fora disso!) Disse a estilista em entrevista.&nbsp;No Brasil, Carol Bassi tamb\u00e9m aderiu a este movimento.&nbsp;Pegando o embalo da not\u00edcia que mais abalou o planeta&nbsp;esta semana, a morte do \u00faltimo rinoceronte macho&nbsp;e consequentemente, extin\u00e7\u00e3o da esp\u00e9cie, a atitude&nbsp;das grandes Maisons, merece destaque. Eles s\u00e3o&nbsp;o topo da pir\u00e2mide na luta por uma Ind\u00fastria da Moda&nbsp;mais sustent\u00e1vel.<\/p>\n<p><img loading=\"lazy\" decoding=\"async\" class=\" size-full wp-image-94614\" src=\"http:\/\/diarioregionaljf.com.br\/wp-content\/uploads\/2018\/03\/diario-int-25439-1.jpg\" alt=\"CASACO DE PELE X SUSTENTABILIDADE IMG_1868.jpg\" style=\"display: block; margin-left: auto; margin-right: auto;\" width=\"458\" height=\"450\" srcset=\"https:\/\/diarioregionaldigital.com.br\/wp-content\/uploads\/2018\/03\/diario-int-25439-1.jpg 458w, https:\/\/diarioregionaldigital.com.br\/wp-content\/uploads\/2018\/03\/diario-int-25439-1-300x295.jpg 300w, https:\/\/diarioregionaldigital.com.br\/wp-content\/uploads\/2018\/03\/diario-int-25439-1-360x354.jpg 360w, https:\/\/diarioregionaldigital.com.br\/wp-content\/uploads\/2018\/03\/diario-int-25439-1-80x80.jpg 80w\" sizes=\"auto, (max-width: 458px) 100vw, 458px\" \/><\/p>\n<hr \/>\n<h4 style=\"text-align: center;\">&nbsp;BRITNEY + KENZO<\/h4>\n<p style=\"text-align: center;\"><img loading=\"lazy\" decoding=\"async\" class=\" size-full wp-image-94615\" src=\"http:\/\/diarioregionaljf.com.br\/wp-content\/uploads\/2018\/03\/diario-int-25439-2.jpg\" alt=\"BRITNEY + KENZO.jpg\" style=\"display: block; margin-left: auto; margin-right: auto;\" width=\"518\" height=\"450\" srcset=\"https:\/\/diarioregionaldigital.com.br\/wp-content\/uploads\/2018\/03\/diario-int-25439-2.jpg 518w, https:\/\/diarioregionaldigital.com.br\/wp-content\/uploads\/2018\/03\/diario-int-25439-2-300x261.jpg 300w, https:\/\/diarioregionaldigital.com.br\/wp-content\/uploads\/2018\/03\/diario-int-25439-2-360x313.jpg 360w\" sizes=\"auto, (max-width: 518px) 100vw, 518px\" \/>Britney Spears estrela sua primeira campanha para&nbsp;uma marca de luxo. A cantora aparece no novo an\u00fancio&nbsp;da Kenzo clicada pelo ic\u00f4nico Peter Lindbergh. A&nbsp;maioria das pe\u00e7as s\u00e3o coloridas e seguem a pegada&nbsp;fun da marca e j\u00e1 est\u00e3o \u00e0 venda no site da Kenzo.<\/p>\n<hr \/>\n<h4 style=\"text-align: center;\">&nbsp;SUSTENTABILIDADE<\/h4>\n<p style=\"text-align: center;\">A Osklen acaba de lan\u00e7ar&nbsp;uma cole\u00e7\u00e3o 100%&nbsp;sustent\u00e1vel. Intitulada&nbsp;ASAP, \u201cAs Susteinable as&nbsp;Possible\u201d a cole\u00e7\u00e3o \u00e9 um&nbsp;chamado para a ado\u00e7\u00e3o&nbsp;de pr\u00e1ticas sustent\u00e1veis,&nbsp;as pe\u00e7as s\u00e3o processadas&nbsp;de forma sustent\u00e1vel, com&nbsp;tingimento natural e utiliza&nbsp;de poucos produtos qu\u00edmicos&nbsp;e \u00e1gua, apresenta&nbsp;15 materiais diferentes de&nbsp;origem ou processos sustent\u00e1veis,&nbsp;alguns deles at\u00e9&nbsp;j\u00e1 muito utilizados pela marca, que possui um instituto&nbsp;de pesquisa com a finalidade de pr\u00e1ticas sustent\u00e1veis&nbsp;e v\u00e1rios projetos, entre eles o e-brigade, um movimento&nbsp;de sensibiliza\u00e7\u00e3o e dissemina\u00e7\u00e3o da informa\u00e7\u00e3o ambiental.&nbsp;A cole\u00e7\u00e3o composta por t-shirts em diferentes&nbsp;malhas, tric\u00f4s, sapatos e eco bags, tudo de mat\u00e9rias&nbsp;primas sustent\u00e1veis, como algod\u00e3o reciclado, malha&nbsp;com fibra PET, couro de pirarucu, entre outros materiais&nbsp;j\u00e1 pode ser encontrada no e-commerce da marca.<\/p>\n<p><img loading=\"lazy\" decoding=\"async\" class=\" size-full wp-image-94616\" src=\"http:\/\/diarioregionaljf.com.br\/wp-content\/uploads\/2018\/03\/diario-int-25439-3.jpg\" alt=\"SUSTENTABILIDADE.jpg\" style=\"display: block; margin-left: auto; margin-right: auto;\" width=\"360\" height=\"450\" srcset=\"https:\/\/diarioregionaldigital.com.br\/wp-content\/uploads\/2018\/03\/diario-int-25439-3.jpg 360w, https:\/\/diarioregionaldigital.com.br\/wp-content\/uploads\/2018\/03\/diario-int-25439-3-240x300.jpg 240w\" sizes=\"auto, (max-width: 360px) 100vw, 360px\" \/><\/p>\n<hr \/>\n<h3 style=\"text-align: center;\">&nbsp;TRENDS<\/h3>\n<ul>\n<li>\n<h5>PLASTIC BAG<\/h5>\n<\/li>\n<\/ul>\n<p style=\"text-align: center;\">As bolsas de pl\u00e1stico&nbsp;parecem ser o must have&nbsp;da temporada. Depois de&nbsp;aparecerem nos desfiles&nbsp;do Ver\u00e3o 18 elas chegam&nbsp;\u00e0s lojas de grandes marcas&nbsp;como C\u00e9line e Balenciaga.&nbsp;Vers\u00f5es em pl\u00e1stico&nbsp;transparente com uma&nbsp;bolsinha menor para ser&nbsp;usada na parte de dentro&nbsp;s\u00e3o as queridinhas,&nbsp;mas outros modelos em&nbsp;cores vibrantes tamb\u00e9m&nbsp;j\u00e1 foram vistos por a\u00ed! Os modelos lembram sacolas&nbsp;que recebemos nas lojas&nbsp;e mesmo que inusitadas,&nbsp;a promessa \u00e9 que elas&nbsp;v\u00e3o dominar as ruas.<\/p>\n<p><img loading=\"lazy\" decoding=\"async\" class=\" size-full wp-image-94617\" src=\"http:\/\/diarioregionaljf.com.br\/wp-content\/uploads\/2018\/03\/diario-int-25439-4.jpg\" alt=\"PLASTIC BAG 3.jpg\" style=\"display: block; margin-left: auto; margin-right: auto;\" width=\"450\" height=\"450\" srcset=\"https:\/\/diarioregionaldigital.com.br\/wp-content\/uploads\/2018\/03\/diario-int-25439-4.jpg 450w, https:\/\/diarioregionaldigital.com.br\/wp-content\/uploads\/2018\/03\/diario-int-25439-4-150x150.jpg 150w, https:\/\/diarioregionaldigital.com.br\/wp-content\/uploads\/2018\/03\/diario-int-25439-4-300x300.jpg 300w, https:\/\/diarioregionaldigital.com.br\/wp-content\/uploads\/2018\/03\/diario-int-25439-4-180x180.jpg 180w, https:\/\/diarioregionaldigital.com.br\/wp-content\/uploads\/2018\/03\/diario-int-25439-4-120x120.jpg 120w, https:\/\/diarioregionaldigital.com.br\/wp-content\/uploads\/2018\/03\/diario-int-25439-4-360x360.jpg 360w, https:\/\/diarioregionaldigital.com.br\/wp-content\/uploads\/2018\/03\/diario-int-25439-4-80x80.jpg 80w\" sizes=\"auto, (max-width: 450px) 100vw, 450px\" \/><\/p>\n<p>&nbsp;<\/p>\n<ul>\n<li>\n<h5>PR\u00cdNCIPE DE GALES<\/h5>\n<\/li>\n<\/ul>\n<p style=\"text-align: center;\">O xadrez nunca&nbsp;sai de moda e vez&nbsp;ou outra ele aparece&nbsp;em padronagens&nbsp;diferentes, a da vez&nbsp;\u00e9 conhecida como&nbsp;\u201cxadrez pr\u00edncipe de&nbsp;Gales\u201d. A padronagem&nbsp;marcou presen\u00e7a&nbsp;dos desfiles&nbsp;e vai ser uma das&nbsp;queridinhas do inverno.&nbsp;Como muita&nbsp;das vezes aparece&nbsp;em preto e branco,&nbsp;vale combinar com&nbsp;pe\u00e7as em tons mais&nbsp;vibrantes, como o&nbsp;vermelho.<\/p>\n<p><img loading=\"lazy\" decoding=\"async\" class=\" size-full wp-image-94618\" src=\"http:\/\/diarioregionaljf.com.br\/wp-content\/uploads\/2018\/03\/diario-int-25439-5.jpg\" alt=\"PRINCIPE DE GALES.jpg\" style=\"display: block; margin-left: auto; margin-right: auto;\" width=\"275\" height=\"450\" srcset=\"https:\/\/diarioregionaldigital.com.br\/wp-content\/uploads\/2018\/03\/diario-int-25439-5.jpg 275w, https:\/\/diarioregionaldigital.com.br\/wp-content\/uploads\/2018\/03\/diario-int-25439-5-183x300.jpg 183w\" sizes=\"auto, (max-width: 275px) 100vw, 275px\" \/><\/p>\n<hr \/>\n<h3 style=\"text-align: center;\">&nbsp;HOR\u00d3SCOPO FASHION<\/h3>\n<ul>\n<li>\n<h5>\u00c1RIES<\/h5>\n<\/li>\n<\/ul>\n<p style=\"text-align: center;\">\u00c1ries \u00e9 o primeiro signo&nbsp;do zod\u00edaco, independente,&nbsp;intensas, agitadas e&nbsp;espont\u00e2neas s\u00e3o algumas&nbsp;caracter\u00edsticas deste signo!&nbsp;Na hora de escolher o&nbsp;look a prefer\u00eancia \u00e9 pelo&nbsp;conforto, praticidade e&nbsp;procurando estar sempre&nbsp;impec\u00e1veis, as arianas&nbsp;s\u00e3o preocupadas com a&nbsp;apar\u00eancia. As nativas deste&nbsp;signo tamb\u00e9m gostam&nbsp;de brincar misturando pe\u00e7as&nbsp;do arm\u00e1rio masculino,&nbsp;sendo assim camisas e&nbsp;blazer oversized s\u00e3o uma&nbsp;\u00f3tima aposta! Roupas pr\u00e1ticas,&nbsp;que possam transitar&nbsp;em v\u00e1rios ambientes&nbsp;s\u00e3o as queridinhas; como&nbsp;s\u00e3o divertidas e intensas&nbsp;cores quentes como o vermelho&nbsp;e o rosa n\u00e3o ficam&nbsp;de fora dos looks, sejam&nbsp;em alguma pe\u00e7a de roupa&nbsp;ou em acess\u00f3rios.<\/p>\n<p><img loading=\"lazy\" decoding=\"async\" class=\" size-full wp-image-94619\" src=\"http:\/\/diarioregionaljf.com.br\/wp-content\/uploads\/2018\/03\/diario-int-25439-6.jpg\" alt=\"HOR\u00d3SCOPO FASHION.jpg\" style=\"display: block; margin-left: auto; margin-right: auto;\" width=\"300\" height=\"450\" srcset=\"https:\/\/diarioregionaldigital.com.br\/wp-content\/uploads\/2018\/03\/diario-int-25439-6.jpg 300w, https:\/\/diarioregionaldigital.com.br\/wp-content\/uploads\/2018\/03\/diario-int-25439-6-200x300.jpg 200w\" sizes=\"auto, (max-width: 300px) 100vw, 300px\" \/><\/p>\n<hr \/>\n<h3 style=\"text-align: center;\">RADAR JF<\/h3>\n<ul>\n<li>\n<h5>POL\u00caMICAS&nbsp;WHITE BOOTS<\/h5>\n<\/li>\n<\/ul>\n<p><img loading=\"lazy\" decoding=\"async\" class=\" size-full wp-image-94620\" src=\"http:\/\/diarioregionaljf.com.br\/wp-content\/uploads\/2018\/03\/diario-int-25439-7.jpg\" alt=\"POLEMICAS WHITE BOOTS IMG_1829.jpg\" style=\"display: block; margin-left: auto; margin-right: auto;\" width=\"521\" height=\"450\" srcset=\"https:\/\/diarioregionaldigital.com.br\/wp-content\/uploads\/2018\/03\/diario-int-25439-7.jpg 521w, https:\/\/diarioregionaldigital.com.br\/wp-content\/uploads\/2018\/03\/diario-int-25439-7-300x259.jpg 300w, https:\/\/diarioregionaldigital.com.br\/wp-content\/uploads\/2018\/03\/diario-int-25439-7-360x311.jpg 360w\" sizes=\"auto, (max-width: 521px) 100vw, 521px\" \/><\/p>\n<p style=\"text-align: center;\">Feita uma pesquisa&nbsp;nas redes sociais, p\u00f4de-se perceber que a aceita\u00e7\u00e3o&nbsp;do p\u00fablico para a&nbsp;nova trend n\u00e3o t\u00eam sido&nbsp;muito forte. Em Juiz de&nbsp;Fora, as botinhas s\u00e3o relacionadas&nbsp;\u00e0 artista Xuxa&nbsp;Meneghel. Os consumidores&nbsp;ainda admitem ter&nbsp;certo medo de investir em&nbsp;marcas espec\u00edficas de mpre\u00e7os elevados, levando em considera\u00e7\u00e3o que a&nbsp;tend\u00eancia ser\u00e1 passageira,&nbsp;e o medo de um acess\u00f3rio&nbsp;de t\u00e3o alto valor leva&nbsp;as pessoas a pensar mais&nbsp;antes de investir. Ainda que&nbsp;empresas mais acess\u00edveis&nbsp;tenham colocado suas vers\u00f5es&nbsp;do sapato no mercado,&nbsp;outro motivo para a baix\u00edssima&nbsp;aceita\u00e7\u00e3o, seria o&nbsp;fato dela ser muito fashion&nbsp;para o dia a dia. Ent\u00e3o a&nbsp;campe\u00e3 de vendas ainda&nbsp;vem sendo as botas pretas.&nbsp;Ser ou n\u00e3o ser fashion?&nbsp;Juiz-foranos ainda t\u00eam&nbsp;suas d\u00favidas!<\/p>\n<p>&nbsp;<\/p>\n<ul>\n<li>\n<h5>OLHARES 2.0<\/h5>\n<\/li>\n<\/ul>\n<p style=\"text-align: center;\">A jornalista e blogueira,&nbsp;J\u00falia Horta, lan\u00e7ou a&nbsp;continua\u00e7\u00e3o de seu projeto,&nbsp;Olhares, este m\u00eas, em &nbsp;suas redes sociais. Intitulado,&nbsp;Olhares 2.0, a ideia da&nbsp;ex-Miss \u00e9 divulgar o cen\u00e1rio&nbsp;de fot\u00f3grafos ainda n\u00e3o&nbsp;estabelecidos em Juiz de&nbsp;Fora. J\u00falia faz uma sele\u00e7\u00e3o&nbsp;de artistas, onde ela mesma&nbsp;\u00e9 modelo para seus&nbsp;\u201colhares\u201d, e ent\u00e3o divulga&nbsp;seus nomes no Instagram.&nbsp;Um bel\u00edssimo projeto que&nbsp;tende a visar mais crescimento&nbsp;e valoriza\u00e7\u00e3o da&nbsp;\u00e1rea em Juiz de Fora.<\/p>\n<p><img loading=\"lazy\" decoding=\"async\" class=\" size-full wp-image-94621\" src=\"http:\/\/diarioregionaljf.com.br\/wp-content\/uploads\/2018\/03\/diario-int-25439-8.jpg\" alt=\"OLHARES 2.0 IMG_1869 (2).jpg\" style=\"display: block; margin-left: auto; margin-right: auto;\" width=\"367\" height=\"450\" srcset=\"https:\/\/diarioregionaldigital.com.br\/wp-content\/uploads\/2018\/03\/diario-int-25439-8.jpg 367w, https:\/\/diarioregionaldigital.com.br\/wp-content\/uploads\/2018\/03\/diario-int-25439-8-245x300.jpg 245w, https:\/\/diarioregionaldigital.com.br\/wp-content\/uploads\/2018\/03\/diario-int-25439-8-360x441.jpg 360w\" sizes=\"auto, (max-width: 367px) 100vw, 367px\" \/><\/p>\n<p>&nbsp;<\/p>\n<ul>\n<li>\n<h5>OUTONO\/INVERSNO A VISTA!<\/h5>\n<\/li>\n<\/ul>\n<p style=\"text-align: center;\">A semana foi agitada&nbsp;em Juiz de Fora. Com&nbsp;a chegada do Outono,&nbsp;as lojas j\u00e1 come\u00e7aram&nbsp;a lan\u00e7ar suas cole\u00e7\u00f5es,&nbsp;em meio a caprichados&nbsp;coquet\u00e9is e tradicionais&nbsp;comemora\u00e7\u00f5es. Desde&nbsp;o vestu\u00e1rio dia a dia, at\u00e9&nbsp;empresas sportwear, a&nbsp;cidade j\u00e1 respira novos&nbsp;ares, vitrines atualizadas,&nbsp;agito do com\u00e9rcio&nbsp;e muitas trends \u00e9 o que&nbsp;se encontra pelas ruas&nbsp;e corredores de shoppings&nbsp;centers (Imagem&nbsp;Ig @trackfieldjf)<\/p>\n<p><img loading=\"lazy\" decoding=\"async\" class=\" size-full wp-image-94622\" src=\"http:\/\/diarioregionaljf.com.br\/wp-content\/uploads\/2018\/03\/diario-int-25439-9.jpg\" alt=\"OUTONO INVERNO A VISTA IMG_1869 (1).jpg\" style=\"display: block; margin-left: auto; margin-right: auto;\" width=\"676\" height=\"450\" srcset=\"https:\/\/diarioregionaldigital.com.br\/wp-content\/uploads\/2018\/03\/diario-int-25439-9.jpg 676w, https:\/\/diarioregionaldigital.com.br\/wp-content\/uploads\/2018\/03\/diario-int-25439-9-300x200.jpg 300w, https:\/\/diarioregionaldigital.com.br\/wp-content\/uploads\/2018\/03\/diario-int-25439-9-360x240.jpg 360w\" sizes=\"auto, (max-width: 676px) 100vw, 676px\" \/><\/p>\n<hr \/>\n<h4 style=\"text-align: center;\">&nbsp;CLICK IN MODA<\/h4>\n<p style=\"text-align: center;\">O click dessa semana \u00e9 do Fot\u00f3grafo, @gabrielvenzi&nbsp;para estrearmos a Influenciadora Digital e mais nova&nbsp;colaboradora da coluna, @ddverissimo. Usando acervo&nbsp;pr\u00f3prio e beleza feita por ela mesma.<\/p>\n<p><img loading=\"lazy\" decoding=\"async\" class=\" size-full wp-image-94623\" src=\"http:\/\/diarioregionaljf.com.br\/wp-content\/uploads\/2018\/03\/diario-int-25439-10.JPG\" alt=\"CLICK IN MODA -f1dc-451a-b775-531b862a89c6.JPG\" style=\"display: block; margin-left: auto; margin-right: auto;\" width=\"300\" height=\"450\" srcset=\"https:\/\/diarioregionaldigital.com.br\/wp-content\/uploads\/2018\/03\/diario-int-25439-10.JPG 300w, https:\/\/diarioregionaldigital.com.br\/wp-content\/uploads\/2018\/03\/diario-int-25439-10-200x300.jpg 200w\" sizes=\"auto, (max-width: 300px) 100vw, 300px\" \/><\/p>\n<p>&nbsp;<\/p>\n<p>&nbsp;<\/p>\n<p><strong>Colaboradoras: MARIANA MATOS E MARIA EDUARDA VER\u00cdSSIMO<\/strong><\/p>\n","protected":false},"excerpt":{"rendered":"<p>CASACOS DE PELE X SUSTENTABILIDADE Quem acompanha os grandes comunicadores de&nbsp;moda, Nacional e Internacional, j\u00e1 viu que a cada ano que passa, mais e mais estilistas abominam de suas cole\u00e7\u00f5es casacos de pele natural e investem em peles&nbsp;fake, mostrando um crescente fortalecimento das&nbsp;atividades sustent\u00e1veis no mundo. Dessa vez, quem&nbsp;levantou a bandeira e trouxe o assunto [&hellip;]<\/p>\n","protected":false},"author":96,"featured_media":94613,"comment_status":"closed","ping_status":"closed","sticky":false,"template":"","format":"standard","meta":{"footnotes":""},"categories":[285],"tags":[],"class_list":["post-94624","post","type-post","status-publish","format-standard","has-post-thumbnail","hentry","category-moda-ana-paula-calixto"],"_links":{"self":[{"href":"https:\/\/diarioregionaldigital.com.br\/index.php?rest_route=\/wp\/v2\/posts\/94624","targetHints":{"allow":["GET"]}}],"collection":[{"href":"https:\/\/diarioregionaldigital.com.br\/index.php?rest_route=\/wp\/v2\/posts"}],"about":[{"href":"https:\/\/diarioregionaldigital.com.br\/index.php?rest_route=\/wp\/v2\/types\/post"}],"author":[{"embeddable":true,"href":"https:\/\/diarioregionaldigital.com.br\/index.php?rest_route=\/wp\/v2\/users\/96"}],"replies":[{"embeddable":true,"href":"https:\/\/diarioregionaldigital.com.br\/index.php?rest_route=%2Fwp%2Fv2%2Fcomments&post=94624"}],"version-history":[{"count":0,"href":"https:\/\/diarioregionaldigital.com.br\/index.php?rest_route=\/wp\/v2\/posts\/94624\/revisions"}],"wp:featuredmedia":[{"embeddable":true,"href":"https:\/\/diarioregionaldigital.com.br\/index.php?rest_route=\/wp\/v2\/media\/94613"}],"wp:attachment":[{"href":"https:\/\/diarioregionaldigital.com.br\/index.php?rest_route=%2Fwp%2Fv2%2Fmedia&parent=94624"}],"wp:term":[{"taxonomy":"category","embeddable":true,"href":"https:\/\/diarioregionaldigital.com.br\/index.php?rest_route=%2Fwp%2Fv2%2Fcategories&post=94624"},{"taxonomy":"post_tag","embeddable":true,"href":"https:\/\/diarioregionaldigital.com.br\/index.php?rest_route=%2Fwp%2Fv2%2Ftags&post=94624"}],"curies":[{"name":"wp","href":"https:\/\/api.w.org\/{rel}","templated":true}]}}