{"id":94612,"date":"2018-03-26T21:26:22","date_gmt":"2018-03-27T00:26:22","guid":{"rendered":"http:\/\/diarioregionaljf.com.br\/2018\/03\/26\/campanha-de-pascoa-arrecada-itens-para-pacientes-do-hospital-ana-nery\/"},"modified":"2018-03-26T21:26:22","modified_gmt":"2018-03-27T00:26:22","slug":"campanha-de-pascoa-arrecada-itens-para-pacientes-do-hospital-ana-nery","status":"publish","type":"post","link":"https:\/\/diarioregionaldigital.com.br\/?p=94612","title":{"rendered":"Campanha de P\u00e1scoa arrecada itens para pacientes do Hospital Ana Nery"},"content":{"rendered":"<p>O projeto \u201cVisitas Solid\u00e1rias\u201d est\u00e1 com uma campanha de P\u00e1scoa para arrecadar caixas de bombos e de bis para os cerca de 220 pacientes do Hospital Ana Nery, no bairro Grama. At\u00e9 o dia 29 deste m\u00eas ser\u00e1 poss\u00edvel entregar os chocolates. Biscoitos e itens de higiene pessoal, como creme dental e sabonetes, ca\u00e7a-palavras, al\u00e9m de pilhas AA, tamb\u00e9m podem ser doados.<\/p>\n<p>O coordenador da iniciativa, Leonardo Barbosa, explica a import\u00e2ncia da a\u00e7\u00e3o. \u201cOs pacientes ficam muito felizes. \u00c9 uma alegria imensa, satisfat\u00f3ria, tanto para eles, quanto para n\u00f3s, volunt\u00e1rios. \u00c9 muito gratificante fazer a visita e sentir nos olhos e nas rea\u00e7\u00f5es dos pacientes, que eles est\u00e3o se sentindo lembrados, importantes e alegres. \u00c9 muito bom\u201d, afirma.<\/p>\n<p>Para doar, basta entrar em contato por meio da p\u00e1gina do projeto no Facebook (www.facebook.com\/visitassolidarias) ou atrav\u00e9s dos telefones (32) 98809-5366 ou (32) 98854-9059. Volunt\u00e1rios tamb\u00e9m s\u00e3o bem-vindos e podem comunicar a inten\u00e7\u00e3o pelos mesmos meios.<\/p>\n<p>O PROJETO<\/p>\n<p>O projeto &#8220;Visitas Solid\u00e1rias&#8221; foi criado em maio de 2016 por um grupo de amigos que sentiam necessidade de ajudar pacientes carentes de um hospital. Atualmente, a equipe realiza visitas semanais ao Hospital Ana Nery. Nessas idas, eles doam mais do que itens de alimenta\u00e7\u00e3o e higiene pessoal: levam carinho e afeto aos atendidos pela institui\u00e7\u00e3o. Por meio de conversas, os volunt\u00e1rios v\u00e3o, aos poucos, descobrindo as necessidades de cada paciente e deixando mais leve o dia a dia da rotina hospitalar.<\/p>\n","protected":false},"excerpt":{"rendered":"<p>O projeto \u201cVisitas Solid\u00e1rias\u201d est\u00e1 com uma campanha de P\u00e1scoa para arrecadar caixas de bombos e de bis para os cerca de 220 pacientes do Hospital Ana Nery, no bairro Grama. At\u00e9 o dia 29 deste m\u00eas ser\u00e1 poss\u00edvel entregar os chocolates. Biscoitos e itens de higiene pessoal, como creme dental e sabonetes, ca\u00e7a-palavras, al\u00e9m [&hellip;]<\/p>\n","protected":false},"author":96,"featured_media":0,"comment_status":"closed","ping_status":"closed","sticky":false,"template":"","format":"standard","meta":{"footnotes":""},"categories":[253],"tags":[],"class_list":["post-94612","post","type-post","status-publish","format-standard","hentry","category-cidade"],"_links":{"self":[{"href":"https:\/\/diarioregionaldigital.com.br\/index.php?rest_route=\/wp\/v2\/posts\/94612","targetHints":{"allow":["GET"]}}],"collection":[{"href":"https:\/\/diarioregionaldigital.com.br\/index.php?rest_route=\/wp\/v2\/posts"}],"about":[{"href":"https:\/\/diarioregionaldigital.com.br\/index.php?rest_route=\/wp\/v2\/types\/post"}],"author":[{"embeddable":true,"href":"https:\/\/diarioregionaldigital.com.br\/index.php?rest_route=\/wp\/v2\/users\/96"}],"replies":[{"embeddable":true,"href":"https:\/\/diarioregionaldigital.com.br\/index.php?rest_route=%2Fwp%2Fv2%2Fcomments&post=94612"}],"version-history":[{"count":0,"href":"https:\/\/diarioregionaldigital.com.br\/index.php?rest_route=\/wp\/v2\/posts\/94612\/revisions"}],"wp:attachment":[{"href":"https:\/\/diarioregionaldigital.com.br\/index.php?rest_route=%2Fwp%2Fv2%2Fmedia&parent=94612"}],"wp:term":[{"taxonomy":"category","embeddable":true,"href":"https:\/\/diarioregionaldigital.com.br\/index.php?rest_route=%2Fwp%2Fv2%2Fcategories&post=94612"},{"taxonomy":"post_tag","embeddable":true,"href":"https:\/\/diarioregionaldigital.com.br\/index.php?rest_route=%2Fwp%2Fv2%2Ftags&post=94612"}],"curies":[{"name":"wp","href":"https:\/\/api.w.org\/{rel}","templated":true}]}}