{"id":94607,"date":"2018-03-26T19:24:09","date_gmt":"2018-03-26T22:24:09","guid":{"rendered":"http:\/\/diarioregionaljf.com.br\/2018\/03\/26\/camara-esclarece-oferecimento-de-cursos-e-apostilas-por-parte-de-vereadores-e-servidores\/"},"modified":"2018-03-26T19:24:09","modified_gmt":"2018-03-26T22:24:09","slug":"camara-esclarece-oferecimento-de-cursos-e-apostilas-por-parte-de-vereadores-e-servidores","status":"publish","type":"post","link":"https:\/\/diarioregionaldigital.com.br\/?p=94607","title":{"rendered":"C\u00e2mara esclarece oferecimento de cursos e apostilas por parte de vereadores e servidores"},"content":{"rendered":"<p>Em rela\u00e7\u00e3o ao oferecimento de cursos e apostilas por parte de vereadores ou servidores da C\u00e2mara Municipal de Juiz de Fora, a Comiss\u00e3o Especial de Realiza\u00e7\u00e3o e Fiscaliza\u00e7\u00e3o do Concurso P\u00fablico para Provimentos de Cargos desta Casa esclarece que:<\/p>\n<p>Conforme Cap\u00edtulo XII, item 18, do Edital n\u00ba001\/2018: \u201cA C\u00e2mara Municipal de Juiz de Fora e CONSULPAM n\u00e3o se responsabilizam por quaisquer cursos, textos, apostilas e outros materiais impressos ou digitais referentes \u00e0s mat\u00e9rias deste Concurso P\u00fablico ou por quaisquer informa\u00e7\u00f5es que estejam em desacordo com o disposto neste Edital.&#8221;<\/p>\n<p>Fonte: Assessoria<\/p>\n","protected":false},"excerpt":{"rendered":"<p>Em rela\u00e7\u00e3o ao oferecimento de cursos e apostilas por parte de vereadores ou servidores da C\u00e2mara Municipal de Juiz de Fora, a Comiss\u00e3o Especial de Realiza\u00e7\u00e3o e Fiscaliza\u00e7\u00e3o do Concurso P\u00fablico para Provimentos de Cargos desta Casa esclarece que: Conforme Cap\u00edtulo XII, item 18, do Edital n\u00ba001\/2018: \u201cA C\u00e2mara Municipal de Juiz de Fora e [&hellip;]<\/p>\n","protected":false},"author":96,"featured_media":94606,"comment_status":"closed","ping_status":"closed","sticky":false,"template":"","format":"standard","meta":{"footnotes":""},"categories":[254],"tags":[],"class_list":["post-94607","post","type-post","status-publish","format-standard","has-post-thumbnail","hentry","category-politica"],"_links":{"self":[{"href":"https:\/\/diarioregionaldigital.com.br\/index.php?rest_route=\/wp\/v2\/posts\/94607","targetHints":{"allow":["GET"]}}],"collection":[{"href":"https:\/\/diarioregionaldigital.com.br\/index.php?rest_route=\/wp\/v2\/posts"}],"about":[{"href":"https:\/\/diarioregionaldigital.com.br\/index.php?rest_route=\/wp\/v2\/types\/post"}],"author":[{"embeddable":true,"href":"https:\/\/diarioregionaldigital.com.br\/index.php?rest_route=\/wp\/v2\/users\/96"}],"replies":[{"embeddable":true,"href":"https:\/\/diarioregionaldigital.com.br\/index.php?rest_route=%2Fwp%2Fv2%2Fcomments&post=94607"}],"version-history":[{"count":0,"href":"https:\/\/diarioregionaldigital.com.br\/index.php?rest_route=\/wp\/v2\/posts\/94607\/revisions"}],"wp:featuredmedia":[{"embeddable":true,"href":"https:\/\/diarioregionaldigital.com.br\/index.php?rest_route=\/wp\/v2\/media\/94606"}],"wp:attachment":[{"href":"https:\/\/diarioregionaldigital.com.br\/index.php?rest_route=%2Fwp%2Fv2%2Fmedia&parent=94607"}],"wp:term":[{"taxonomy":"category","embeddable":true,"href":"https:\/\/diarioregionaldigital.com.br\/index.php?rest_route=%2Fwp%2Fv2%2Fcategories&post=94607"},{"taxonomy":"post_tag","embeddable":true,"href":"https:\/\/diarioregionaldigital.com.br\/index.php?rest_route=%2Fwp%2Fv2%2Ftags&post=94607"}],"curies":[{"name":"wp","href":"https:\/\/api.w.org\/{rel}","templated":true}]}}