{"id":94605,"date":"2018-03-26T19:14:05","date_gmt":"2018-03-26T22:14:05","guid":{"rendered":"http:\/\/diarioregionaljf.com.br\/2018\/03\/26\/justica-federal-nega-recurso-a-ex-deputado-eduardo-cunha\/"},"modified":"2018-03-26T19:14:05","modified_gmt":"2018-03-26T22:14:05","slug":"justica-federal-nega-recurso-a-ex-deputado-eduardo-cunha","status":"publish","type":"post","link":"https:\/\/diarioregionaldigital.com.br\/?p=94605","title":{"rendered":"Justi\u00e7a Federal nega recurso a ex-deputado Eduardo Cunha"},"content":{"rendered":"<p>A Oitava Turma do Tribunal Regional Federal da 4\u00aa Regi\u00e3o (TRF4) negou nessa segunda-feira, 26, embargo de declara\u00e7\u00e3o protocolado pela defesa do ex-deputado Eduardo Cunha, condenado por corrup\u00e7\u00e3o, lavagem de dinheiro e evas\u00e3o de divisas. Cunha, que est\u00e1 preso preventivamente desde outubro de 2016 em Curitiba, ainda tem outro recurso pendente de julgamento na segunda inst\u00e2ncia, um embargo infringente.<\/p>\n<p>Diferentemente do embargo de declara\u00e7\u00e3o, o infringente tem possibilidade de resultar na altera\u00e7\u00e3o do resultado de um julgamento, inclusive no sentido de absolvi\u00e7\u00e3o do r\u00e9u. Ainda n\u00e3o h\u00e1 data marcada para o julgamento do outro recurso de Cunha no TRF4.<\/p>\n<p>Ex-presidente da C\u00e2mara dos Deputados, Eduardo Cunha foi condenado em mar\u00e7o do ano passado pelo juiz Sergio Moro, da 13\u00aa Vara Federal de Curitiba, a 15 anos e quatro meses de pris\u00e3o, por participa\u00e7\u00e3o em um esquema de corrup\u00e7\u00e3o na compra de um campo de petr\u00f3leo, em Benin, na \u00c1frica, pela Petrobras. Cunha teria recebido US$1,5 milh\u00e3o em propina.<\/p>\n<p>Em novembro do ano passado, a condena\u00e7\u00e3o foi confirmada pelo TRF4, que, no entanto, reduziu a pena de Cunha para 14 anos e seis meses de pris\u00e3o.<\/p>\n<p>Fonte: Ag\u00eancia Brasil<\/p>\n","protected":false},"excerpt":{"rendered":"<p>A Oitava Turma do Tribunal Regional Federal da 4\u00aa Regi\u00e3o (TRF4) negou nessa segunda-feira, 26, embargo de declara\u00e7\u00e3o protocolado pela defesa do ex-deputado Eduardo Cunha, condenado por corrup\u00e7\u00e3o, lavagem de dinheiro e evas\u00e3o de divisas. Cunha, que est\u00e1 preso preventivamente desde outubro de 2016 em Curitiba, ainda tem outro recurso pendente de julgamento na segunda [&hellip;]<\/p>\n","protected":false},"author":96,"featured_media":94604,"comment_status":"closed","ping_status":"closed","sticky":false,"template":"","format":"standard","meta":{"footnotes":""},"categories":[254],"tags":[],"class_list":["post-94605","post","type-post","status-publish","format-standard","has-post-thumbnail","hentry","category-politica"],"_links":{"self":[{"href":"https:\/\/diarioregionaldigital.com.br\/index.php?rest_route=\/wp\/v2\/posts\/94605","targetHints":{"allow":["GET"]}}],"collection":[{"href":"https:\/\/diarioregionaldigital.com.br\/index.php?rest_route=\/wp\/v2\/posts"}],"about":[{"href":"https:\/\/diarioregionaldigital.com.br\/index.php?rest_route=\/wp\/v2\/types\/post"}],"author":[{"embeddable":true,"href":"https:\/\/diarioregionaldigital.com.br\/index.php?rest_route=\/wp\/v2\/users\/96"}],"replies":[{"embeddable":true,"href":"https:\/\/diarioregionaldigital.com.br\/index.php?rest_route=%2Fwp%2Fv2%2Fcomments&post=94605"}],"version-history":[{"count":0,"href":"https:\/\/diarioregionaldigital.com.br\/index.php?rest_route=\/wp\/v2\/posts\/94605\/revisions"}],"wp:featuredmedia":[{"embeddable":true,"href":"https:\/\/diarioregionaldigital.com.br\/index.php?rest_route=\/wp\/v2\/media\/94604"}],"wp:attachment":[{"href":"https:\/\/diarioregionaldigital.com.br\/index.php?rest_route=%2Fwp%2Fv2%2Fmedia&parent=94605"}],"wp:term":[{"taxonomy":"category","embeddable":true,"href":"https:\/\/diarioregionaldigital.com.br\/index.php?rest_route=%2Fwp%2Fv2%2Fcategories&post=94605"},{"taxonomy":"post_tag","embeddable":true,"href":"https:\/\/diarioregionaldigital.com.br\/index.php?rest_route=%2Fwp%2Fv2%2Ftags&post=94605"}],"curies":[{"name":"wp","href":"https:\/\/api.w.org\/{rel}","templated":true}]}}