{"id":94601,"date":"2018-03-26T18:43:02","date_gmt":"2018-03-26T21:43:02","guid":{"rendered":"http:\/\/diarioregionaljf.com.br\/2018\/03\/26\/praca-vitorino-braga-recebe-novo-parcao\/"},"modified":"2018-03-26T18:43:02","modified_gmt":"2018-03-26T21:43:02","slug":"praca-vitorino-braga-recebe-novo-parcao","status":"publish","type":"post","link":"https:\/\/diarioregionaldigital.com.br\/?p=94601","title":{"rendered":"Pra\u00e7a Vitorino Braga recebe novo \u201cparc\u00e3o\u201d"},"content":{"rendered":"<p>Nesta ter\u00e7a-feira, 27, acontece a inaugura\u00e7\u00e3o do \u201cparc\u00e3o\u201d da Pra\u00e7a Vitorino Braga, no bairro de mesmo nome. O projeto \u00e9 resultado de uma parceria entre o Departamento Municipal de Limpeza Urbana (Demlurb), a Empresa Municipal de Pavimenta\u00e7\u00e3o e Urbaniza\u00e7\u00e3o (Empav) e Arcelor Mittal, com apoio da Secretaria de Transporte e Tr\u00e2nsito (Settra).<\/p>\n<p>O evento contar\u00e1 com a presen\u00e7a de alunos da Escola Estadual Duarte de Abreu, que participar\u00e3o de atividades recreativas, tais como, pintura de rosto, brincadeiras, conta\u00e7\u00e3o de hist\u00f3rias e intera\u00e7\u00e3o com os animais do Canil Municipal. O objetivo \u00e9 estabelecer um di\u00e1logo com a comunidade; conscientizar e informar sobre os processos de ado\u00e7\u00e3o, castra\u00e7\u00e3o etc.<\/p>\n<p>\u201cEsse projeto procura o melhor aproveitamento do espa\u00e7o das pra\u00e7as, e \u00e9 muito utilizado para conviv\u00eancia entre moradores e c\u00e3es do bairro. O local, agora, tamb\u00e9m conta com porta de seguran\u00e7a\u201d, explicou a gerente do Departamento de Controle Animal (Dcan), Miriam Neder.<\/p>\n<p>Os \u201cparc\u00e3es\u201d s\u00e3o espa\u00e7os solicitados pela comunidade. Nos pr\u00f3ximos meses, outros 4 ser\u00e3o instalados na cidade, contemplando Nova Era, Curva do Lacet, Jardim Gl\u00f3ria e Quintas da Avenida.<\/p>\n<p>Fonte: Assessoria<\/p>\n","protected":false},"excerpt":{"rendered":"<p>Nesta ter\u00e7a-feira, 27, acontece a inaugura\u00e7\u00e3o do \u201cparc\u00e3o\u201d da Pra\u00e7a Vitorino Braga, no bairro de mesmo nome. O projeto \u00e9 resultado de uma parceria entre o Departamento Municipal de Limpeza Urbana (Demlurb), a Empresa Municipal de Pavimenta\u00e7\u00e3o e Urbaniza\u00e7\u00e3o (Empav) e Arcelor Mittal, com apoio da Secretaria de Transporte e Tr\u00e2nsito (Settra). O evento contar\u00e1 [&hellip;]<\/p>\n","protected":false},"author":96,"featured_media":94600,"comment_status":"closed","ping_status":"closed","sticky":false,"template":"","format":"standard","meta":{"footnotes":""},"categories":[253],"tags":[],"class_list":["post-94601","post","type-post","status-publish","format-standard","has-post-thumbnail","hentry","category-cidade"],"_links":{"self":[{"href":"https:\/\/diarioregionaldigital.com.br\/index.php?rest_route=\/wp\/v2\/posts\/94601","targetHints":{"allow":["GET"]}}],"collection":[{"href":"https:\/\/diarioregionaldigital.com.br\/index.php?rest_route=\/wp\/v2\/posts"}],"about":[{"href":"https:\/\/diarioregionaldigital.com.br\/index.php?rest_route=\/wp\/v2\/types\/post"}],"author":[{"embeddable":true,"href":"https:\/\/diarioregionaldigital.com.br\/index.php?rest_route=\/wp\/v2\/users\/96"}],"replies":[{"embeddable":true,"href":"https:\/\/diarioregionaldigital.com.br\/index.php?rest_route=%2Fwp%2Fv2%2Fcomments&post=94601"}],"version-history":[{"count":0,"href":"https:\/\/diarioregionaldigital.com.br\/index.php?rest_route=\/wp\/v2\/posts\/94601\/revisions"}],"wp:featuredmedia":[{"embeddable":true,"href":"https:\/\/diarioregionaldigital.com.br\/index.php?rest_route=\/wp\/v2\/media\/94600"}],"wp:attachment":[{"href":"https:\/\/diarioregionaldigital.com.br\/index.php?rest_route=%2Fwp%2Fv2%2Fmedia&parent=94601"}],"wp:term":[{"taxonomy":"category","embeddable":true,"href":"https:\/\/diarioregionaldigital.com.br\/index.php?rest_route=%2Fwp%2Fv2%2Fcategories&post=94601"},{"taxonomy":"post_tag","embeddable":true,"href":"https:\/\/diarioregionaldigital.com.br\/index.php?rest_route=%2Fwp%2Fv2%2Ftags&post=94601"}],"curies":[{"name":"wp","href":"https:\/\/api.w.org\/{rel}","templated":true}]}}