{"id":94597,"date":"2018-03-26T18:30:11","date_gmt":"2018-03-26T21:30:11","guid":{"rendered":"http:\/\/diarioregionaljf.com.br\/2018\/03\/26\/russia-manifesta-energico-protesto-por-expulsao-de-seus-diplomatas\/"},"modified":"2018-03-26T18:30:11","modified_gmt":"2018-03-26T21:30:11","slug":"russia-manifesta-energico-protesto-por-expulsao-de-seus-diplomatas","status":"publish","type":"post","link":"https:\/\/diarioregionaldigital.com.br\/?p=94597","title":{"rendered":"R\u00fassia manifesta en\u00e9rgico protesto por expuls\u00e3o de seus diplomatas"},"content":{"rendered":"<p>A R\u00fassia manifestou nessa segunda-feira, 26, seu &#8220;en\u00e9rgico protesto&#8221; pela decis\u00e3o de pa\u00edses da Uni\u00e3o Europeia e da Organiza\u00e7\u00e3o do Tratado do Atl\u00e2ntico Norte (Otan) de expulsar diplomatas russos por causa do caso do envenenamento do ex-espi\u00e3o russo Sergei Skripal, segundo declara\u00e7\u00e3o do Minist\u00e9rio de Rela\u00e7\u00f5es Exteriores divulgada no site oficial. A informa\u00e7\u00e3o \u00e9 da EFE.<\/p>\n<p>&#8220;Expressamos o nosso en\u00e9rgico protesto pela decis\u00e3o adotada&#8221;, afirmou o minist\u00e9rio, que advertiu que a R\u00fassia &#8220;reagir\u00e1&#8221;.<\/p>\n<p>&#8220;Acreditamos que este \u00e9 um passo hostil e que n\u00e3o ajuda a estabelecer as causas e a busca pelos culpados&#8221;, diz o texto sobre o ocorrido em 4 de mar\u00e7o em Salisbury (Inglaterra), quando o ex-espi\u00e3o russo Sergei Skripal e sua filha, Yulia, foram envenenados, segundo o Reino Unido, com um produto qu\u00edmico de fabrica\u00e7\u00e3o russa.<\/p>\n<p>A diplomacia russa disse que este &#8220;gesto provocador&#8221; dos pa\u00edses que anunciaram expuls\u00f5es de diplomatas russos &#8220;segue o jogo das autoridades do Reino Unido (&#8230;) e \u00e9 a continua\u00e7\u00e3o da pol\u00edtica de confronto que aponta a uma piora da situa\u00e7\u00e3o&#8221;.<\/p>\n<p>Segundo o Executivo em Moscou, ao acusar infundadamente \u00e0 R\u00fassia do envenenamento de Skripal e sua filha, as autoridades brit\u00e2nicas &#8220;adotaram, de fato, uma postura parcial e hip\u00f3crita&#8221;. A parte russa, conforme a declara\u00e7\u00e3o, solicitou informa\u00e7\u00f5es ao Reino Unidos em v\u00e1rias ocasi\u00f5es, mas n\u00e3o recebeu retornos, embora se trate de uma tentativa de assassinato de cidad\u00e3os russos em territ\u00f3rio brit\u00e2nico.<\/p>\n<p>Fonte: Ag\u00eancia Brasil<\/p>\n","protected":false},"excerpt":{"rendered":"<p>A R\u00fassia manifestou nessa segunda-feira, 26, seu &#8220;en\u00e9rgico protesto&#8221; pela decis\u00e3o de pa\u00edses da Uni\u00e3o Europeia e da Organiza\u00e7\u00e3o do Tratado do Atl\u00e2ntico Norte (Otan) de expulsar diplomatas russos por causa do caso do envenenamento do ex-espi\u00e3o russo Sergei Skripal, segundo declara\u00e7\u00e3o do Minist\u00e9rio de Rela\u00e7\u00f5es Exteriores divulgada no site oficial. A informa\u00e7\u00e3o \u00e9 da [&hellip;]<\/p>\n","protected":false},"author":96,"featured_media":94596,"comment_status":"closed","ping_status":"closed","sticky":false,"template":"","format":"standard","meta":{"footnotes":""},"categories":[302],"tags":[],"class_list":["post-94597","post","type-post","status-publish","format-standard","has-post-thumbnail","hentry","category-brasil-mundo"],"_links":{"self":[{"href":"https:\/\/diarioregionaldigital.com.br\/index.php?rest_route=\/wp\/v2\/posts\/94597","targetHints":{"allow":["GET"]}}],"collection":[{"href":"https:\/\/diarioregionaldigital.com.br\/index.php?rest_route=\/wp\/v2\/posts"}],"about":[{"href":"https:\/\/diarioregionaldigital.com.br\/index.php?rest_route=\/wp\/v2\/types\/post"}],"author":[{"embeddable":true,"href":"https:\/\/diarioregionaldigital.com.br\/index.php?rest_route=\/wp\/v2\/users\/96"}],"replies":[{"embeddable":true,"href":"https:\/\/diarioregionaldigital.com.br\/index.php?rest_route=%2Fwp%2Fv2%2Fcomments&post=94597"}],"version-history":[{"count":0,"href":"https:\/\/diarioregionaldigital.com.br\/index.php?rest_route=\/wp\/v2\/posts\/94597\/revisions"}],"wp:featuredmedia":[{"embeddable":true,"href":"https:\/\/diarioregionaldigital.com.br\/index.php?rest_route=\/wp\/v2\/media\/94596"}],"wp:attachment":[{"href":"https:\/\/diarioregionaldigital.com.br\/index.php?rest_route=%2Fwp%2Fv2%2Fmedia&parent=94597"}],"wp:term":[{"taxonomy":"category","embeddable":true,"href":"https:\/\/diarioregionaldigital.com.br\/index.php?rest_route=%2Fwp%2Fv2%2Fcategories&post=94597"},{"taxonomy":"post_tag","embeddable":true,"href":"https:\/\/diarioregionaldigital.com.br\/index.php?rest_route=%2Fwp%2Fv2%2Ftags&post=94597"}],"curies":[{"name":"wp","href":"https:\/\/api.w.org\/{rel}","templated":true}]}}