{"id":94557,"date":"2018-03-24T14:11:45","date_gmt":"2018-03-24T17:11:45","guid":{"rendered":"http:\/\/diarioregionaljf.com.br\/2018\/03\/24\/jovem-e-preso-apos-agredir-e-ameacar-homem-de-morte-na-zona-norte\/"},"modified":"2018-03-24T14:11:45","modified_gmt":"2018-03-24T17:11:45","slug":"jovem-e-preso-apos-agredir-e-ameacar-homem-de-morte-na-zona-norte","status":"publish","type":"post","link":"https:\/\/diarioregionaldigital.com.br\/?p=94557","title":{"rendered":"Jovem \u00e9 preso ap\u00f3s agredir e amea\u00e7ar homem de morte na zona Norte"},"content":{"rendered":"<p>Um jovem de 21 anos foi preso em flagrante por crime de les\u00e3o corporal ap\u00f3s agredir e amea\u00e7ar de morte um homem de 27 anos no bairro S\u00e3o Francisco de Paula, zona Norte, na noite dessa sexta-feira, 23.<\/p>\n<p>Conforme informa\u00e7\u00f5es da Pol\u00edcia Militar (PM), uma viatura foi acionada via Central de Opera\u00e7\u00f5es e, ao chegar na Rua Maria Jos\u00e9 de Oliveira, os militares se depararam com o autor arrastando a v\u00edtima pela via. O agressor teria retirado o homem de sua resid\u00eancia \u00e0 for\u00e7a, arrastando-o pela rua e amea\u00e7ando-o de morte a todo instante.<\/p>\n<p>O autor foi abordado e com ele foi encontrada uma faca de serra com aproximadamente 15 cm de l\u00e2mina. Ele preso e conduzido \u00e0 delegacia.<\/p>\n","protected":false},"excerpt":{"rendered":"<p>Um jovem de 21 anos foi preso em flagrante por crime de les\u00e3o corporal ap\u00f3s agredir e amea\u00e7ar de morte um homem de 27 anos no bairro S\u00e3o Francisco de Paula, zona Norte, na noite dessa sexta-feira, 23. Conforme informa\u00e7\u00f5es da Pol\u00edcia Militar (PM), uma viatura foi acionada via Central de Opera\u00e7\u00f5es e, ao chegar [&hellip;]<\/p>\n","protected":false},"author":96,"featured_media":94556,"comment_status":"closed","ping_status":"closed","sticky":false,"template":"","format":"standard","meta":{"footnotes":""},"categories":[301],"tags":[],"class_list":["post-94557","post","type-post","status-publish","format-standard","has-post-thumbnail","hentry","category-artigos-policiais"],"_links":{"self":[{"href":"https:\/\/diarioregionaldigital.com.br\/index.php?rest_route=\/wp\/v2\/posts\/94557","targetHints":{"allow":["GET"]}}],"collection":[{"href":"https:\/\/diarioregionaldigital.com.br\/index.php?rest_route=\/wp\/v2\/posts"}],"about":[{"href":"https:\/\/diarioregionaldigital.com.br\/index.php?rest_route=\/wp\/v2\/types\/post"}],"author":[{"embeddable":true,"href":"https:\/\/diarioregionaldigital.com.br\/index.php?rest_route=\/wp\/v2\/users\/96"}],"replies":[{"embeddable":true,"href":"https:\/\/diarioregionaldigital.com.br\/index.php?rest_route=%2Fwp%2Fv2%2Fcomments&post=94557"}],"version-history":[{"count":0,"href":"https:\/\/diarioregionaldigital.com.br\/index.php?rest_route=\/wp\/v2\/posts\/94557\/revisions"}],"wp:featuredmedia":[{"embeddable":true,"href":"https:\/\/diarioregionaldigital.com.br\/index.php?rest_route=\/wp\/v2\/media\/94556"}],"wp:attachment":[{"href":"https:\/\/diarioregionaldigital.com.br\/index.php?rest_route=%2Fwp%2Fv2%2Fmedia&parent=94557"}],"wp:term":[{"taxonomy":"category","embeddable":true,"href":"https:\/\/diarioregionaldigital.com.br\/index.php?rest_route=%2Fwp%2Fv2%2Fcategories&post=94557"},{"taxonomy":"post_tag","embeddable":true,"href":"https:\/\/diarioregionaldigital.com.br\/index.php?rest_route=%2Fwp%2Fv2%2Ftags&post=94557"}],"curies":[{"name":"wp","href":"https:\/\/api.w.org\/{rel}","templated":true}]}}