{"id":94553,"date":"2018-03-24T13:02:58","date_gmt":"2018-03-24T16:02:58","guid":{"rendered":"http:\/\/diarioregionaljf.com.br\/2018\/03\/24\/mostra-de-artesanato-na-praca-ceu-destaca-cultura-popular-do-brasil\/"},"modified":"2018-03-24T13:02:58","modified_gmt":"2018-03-24T16:02:58","slug":"mostra-de-artesanato-na-praca-ceu-destaca-cultura-popular-do-brasil","status":"publish","type":"post","link":"https:\/\/diarioregionaldigital.com.br\/?p=94553","title":{"rendered":"Mostra de artesanato na Pra\u00e7a CEU destaca cultura popular do Brasil"},"content":{"rendered":"<p>A busca e a valoriza\u00e7\u00e3o da ess\u00eancia brasileira nortearam os trabalhos das turmas de artesanato do Centro de Artes e Esportes Unificados \u201cCoronel Adelmir Romualdo de Oliveira\u201d (Pra\u00e7a CEU). Nos tr\u00eas primeiros meses deste ano, o tema foi explorado por 120 artes\u00e3s na produ\u00e7\u00e3o de esculturas, quadros, mandalas, artigos decorativos e religiosos, entre outros objetos. Cem dessas pe\u00e7as comp\u00f5em a mostra \u201cBrasil, mostra a tua cara!\u201d, aberta neste s\u00e1bado, 24, no sagu\u00e3o da pra\u00e7a, que fica na Avenida Juscelino Kubitschek, n\u00ba 5.899, Benfica.<\/p>\n<p>A mostra complementa o espet\u00e1culo hom\u00f4nimo que ter\u00e1 \u00fanica apresenta\u00e7\u00e3o tamb\u00e9m no s\u00e1bado, \u00e0s 18h, com entrada franca. As duas a\u00e7\u00f5es fazem parte da programa\u00e7\u00e3o de anivers\u00e1rio de tr\u00eas anos da Pra\u00e7a, completados no \u00faltimo dia 15.<\/p>\n<p>A mostra de artesanato conta com cerca de cem pe\u00e7as, confeccionadas em materiais diversos, como papel\u00e3o, jornal, garrafa PET, tecido, palha, juta, madeira. A maior parte da mat\u00e9ria-prima \u00e9 reciclada, uma caracter\u00edstica das oficinas promovidas no CEU. \u201cSob orienta\u00e7\u00e3o dos articuladores culturais, nossas artes\u00e3s trabalharam com manifesta\u00e7\u00f5es art\u00edsticas, folclore e lendas de todas as regi\u00f5es do Brasil. O boi-bumb\u00e1, por exemplo, \u00e9 uma das principais refer\u00eancias da exposi\u00e7\u00e3o\u201d, conta o coordenador-geral do equipamento urbano, Andr\u00e9 Noronha. A mostra poder\u00e1 ser visitada gratuitamente at\u00e9 1\u00b0 de abril, das 8h \u00e0s 21h.<\/p>\n<p>&nbsp;<\/p>\n<p>Fonte: Assessoria<\/p>\n","protected":false},"excerpt":{"rendered":"<p>A busca e a valoriza\u00e7\u00e3o da ess\u00eancia brasileira nortearam os trabalhos das turmas de artesanato do Centro de Artes e Esportes Unificados \u201cCoronel Adelmir Romualdo de Oliveira\u201d (Pra\u00e7a CEU). Nos tr\u00eas primeiros meses deste ano, o tema foi explorado por 120 artes\u00e3s na produ\u00e7\u00e3o de esculturas, quadros, mandalas, artigos decorativos e religiosos, entre outros objetos. [&hellip;]<\/p>\n","protected":false},"author":96,"featured_media":94552,"comment_status":"closed","ping_status":"closed","sticky":false,"template":"","format":"standard","meta":{"footnotes":""},"categories":[256],"tags":[],"class_list":["post-94553","post","type-post","status-publish","format-standard","has-post-thumbnail","hentry","category-cultura"],"_links":{"self":[{"href":"https:\/\/diarioregionaldigital.com.br\/index.php?rest_route=\/wp\/v2\/posts\/94553","targetHints":{"allow":["GET"]}}],"collection":[{"href":"https:\/\/diarioregionaldigital.com.br\/index.php?rest_route=\/wp\/v2\/posts"}],"about":[{"href":"https:\/\/diarioregionaldigital.com.br\/index.php?rest_route=\/wp\/v2\/types\/post"}],"author":[{"embeddable":true,"href":"https:\/\/diarioregionaldigital.com.br\/index.php?rest_route=\/wp\/v2\/users\/96"}],"replies":[{"embeddable":true,"href":"https:\/\/diarioregionaldigital.com.br\/index.php?rest_route=%2Fwp%2Fv2%2Fcomments&post=94553"}],"version-history":[{"count":0,"href":"https:\/\/diarioregionaldigital.com.br\/index.php?rest_route=\/wp\/v2\/posts\/94553\/revisions"}],"wp:featuredmedia":[{"embeddable":true,"href":"https:\/\/diarioregionaldigital.com.br\/index.php?rest_route=\/wp\/v2\/media\/94552"}],"wp:attachment":[{"href":"https:\/\/diarioregionaldigital.com.br\/index.php?rest_route=%2Fwp%2Fv2%2Fmedia&parent=94553"}],"wp:term":[{"taxonomy":"category","embeddable":true,"href":"https:\/\/diarioregionaldigital.com.br\/index.php?rest_route=%2Fwp%2Fv2%2Fcategories&post=94553"},{"taxonomy":"post_tag","embeddable":true,"href":"https:\/\/diarioregionaldigital.com.br\/index.php?rest_route=%2Fwp%2Fv2%2Ftags&post=94553"}],"curies":[{"name":"wp","href":"https:\/\/api.w.org\/{rel}","templated":true}]}}