{"id":94551,"date":"2018-03-24T12:51:39","date_gmt":"2018-03-24T15:51:39","guid":{"rendered":"http:\/\/diarioregionaljf.com.br\/2018\/03\/24\/pm-apreende-mais-de-r-1-2-mil-e-detem-cinco-por-trafico-de-drogas\/"},"modified":"2018-03-24T12:51:39","modified_gmt":"2018-03-24T15:51:39","slug":"pm-apreende-mais-de-r-1-2-mil-e-detem-cinco-por-trafico-de-drogas","status":"publish","type":"post","link":"https:\/\/diarioregionaldigital.com.br\/?p=94551","title":{"rendered":"PM apreende mais de R$1,2 mil e det\u00e9m cinco por tr\u00e1fico de drogas"},"content":{"rendered":"<p>Dois jovens, de 20 e 24 anos, e um homem de 42 anos, foram presos por tr\u00e1fico de drogas em um apartamento na Avenida Get\u00falio Vargas, regi\u00e3o central, na manh\u00e3 dessa sexta-feira, 23.<\/p>\n<p>Conforme Boletim de Ocorr\u00eancia (BO) da Pol\u00edcia Militar (PM), uma guarni\u00e7\u00e3o compareceu ao local para dar cumprimento a um mandado de busca e apreens\u00e3o. Como o acesso dos militares ao apartamento foi negado, a equipe precisou arrombar um port\u00e3o de a\u00e7o para entrar no im\u00f3vel.<\/p>\n<p>No interior da resid\u00eancia foram localizados dois cigarros semi-combustos e uma bucha de maconha, um rev\u00f3lver calibre .32, quatro muni\u00e7\u00f5es, a quantia de R$1.053,30 em dinheiro, uma balan\u00e7a de precis\u00e3o, pl\u00e1sticos para confec\u00e7\u00e3o de cigarros, al\u00e9m de oito aparelhos celulares e equipamentos de monitoramento.<\/p>\n<p>Os autores foram presos em flagrante e conduzidos \u00e0 delegacia.<\/p>\n<h4>ZONA LESTE<\/h4>\n<p>&nbsp;<\/p>\n<p>No bairro Santa C\u00e2ndida, zona Leste de Juiz de Fora, um adolescente de 16 anos foi detido ap\u00f3s ser flagrado com drogas na manh\u00e3 dessa sexta-feira, 23. A a\u00e7\u00e3o tamb\u00e9m se deu em cumprimento a um mandado de busca e apreens\u00e3o, realizado em uma resid\u00eancia na Rua Jorge Raimundo.<\/p>\n<p>No local foram encontrados uma bucha e um cigarro semicombusto de maconha, dois aparelhos celulares e cerca de R$239.<\/p>\n<p>O adolescente foi conduzido \u00e0 delegacia.<\/p>\n<h4>BAIRRO JARDIM NATAL<\/h4>\n<p>&nbsp;<\/p>\n<p>Em outra ocorr\u00eancia, registrada na noite de sexta-feira, 23, uma batida policial no bairro Jardim Natal, zona Norte da cidade, resultou na apreens\u00e3o de drogas e na pris\u00e3o de um jovem de 21 anos.<\/p>\n<p>Conforme informa\u00e7\u00f5es da Pol\u00edcia Militar, um local utilizado para o tr\u00e1fico de entorpecentes na Rua Jos\u00e9 Nunes Pereira foi cercado por militares, que tiveram \u00eaxito em abordar o autor. Em uma mochila que estava com o jovem foi encontrada uma embalagem pl\u00e1stica contendo 21 buchas de maconha, tr\u00eas papelotes de coca\u00edna e 15 pedras de crack. No bolso da bermuda do autor os policiais encontraram R$18,75 em dinheiro.<\/p>\n<p>O jovem foi detido.<\/p>\n","protected":false},"excerpt":{"rendered":"<p>Dois jovens, de 20 e 24 anos, e um homem de 42 anos, foram presos por tr\u00e1fico de drogas em um apartamento na Avenida Get\u00falio Vargas, regi\u00e3o central, na manh\u00e3 dessa sexta-feira, 23. Conforme Boletim de Ocorr\u00eancia (BO) da Pol\u00edcia Militar (PM), uma guarni\u00e7\u00e3o compareceu ao local para dar cumprimento a um mandado de busca [&hellip;]<\/p>\n","protected":false},"author":96,"featured_media":94550,"comment_status":"closed","ping_status":"closed","sticky":false,"template":"","format":"standard","meta":{"footnotes":""},"categories":[301],"tags":[],"class_list":["post-94551","post","type-post","status-publish","format-standard","has-post-thumbnail","hentry","category-artigos-policiais"],"_links":{"self":[{"href":"https:\/\/diarioregionaldigital.com.br\/index.php?rest_route=\/wp\/v2\/posts\/94551","targetHints":{"allow":["GET"]}}],"collection":[{"href":"https:\/\/diarioregionaldigital.com.br\/index.php?rest_route=\/wp\/v2\/posts"}],"about":[{"href":"https:\/\/diarioregionaldigital.com.br\/index.php?rest_route=\/wp\/v2\/types\/post"}],"author":[{"embeddable":true,"href":"https:\/\/diarioregionaldigital.com.br\/index.php?rest_route=\/wp\/v2\/users\/96"}],"replies":[{"embeddable":true,"href":"https:\/\/diarioregionaldigital.com.br\/index.php?rest_route=%2Fwp%2Fv2%2Fcomments&post=94551"}],"version-history":[{"count":0,"href":"https:\/\/diarioregionaldigital.com.br\/index.php?rest_route=\/wp\/v2\/posts\/94551\/revisions"}],"wp:featuredmedia":[{"embeddable":true,"href":"https:\/\/diarioregionaldigital.com.br\/index.php?rest_route=\/wp\/v2\/media\/94550"}],"wp:attachment":[{"href":"https:\/\/diarioregionaldigital.com.br\/index.php?rest_route=%2Fwp%2Fv2%2Fmedia&parent=94551"}],"wp:term":[{"taxonomy":"category","embeddable":true,"href":"https:\/\/diarioregionaldigital.com.br\/index.php?rest_route=%2Fwp%2Fv2%2Fcategories&post=94551"},{"taxonomy":"post_tag","embeddable":true,"href":"https:\/\/diarioregionaldigital.com.br\/index.php?rest_route=%2Fwp%2Fv2%2Ftags&post=94551"}],"curies":[{"name":"wp","href":"https:\/\/api.w.org\/{rel}","templated":true}]}}