{"id":94547,"date":"2018-03-24T11:59:32","date_gmt":"2018-03-24T14:59:32","guid":{"rendered":"http:\/\/diarioregionaljf.com.br\/2018\/03\/24\/ciclista-morre-apos-ser-atropelado-por-caminhonete-no-santa-cruz\/"},"modified":"2018-03-24T11:59:32","modified_gmt":"2018-03-24T14:59:32","slug":"ciclista-morre-apos-ser-atropelado-por-caminhonete-no-santa-cruz","status":"publish","type":"post","link":"https:\/\/diarioregionaldigital.com.br\/?p=94547","title":{"rendered":"Ciclista morre ap\u00f3s ser atropelado por caminhonete no Santa Cruz"},"content":{"rendered":"<p>Um jovem de 18 anos morreu ap\u00f3s ser atropelado por uma caminhonete no bairro Santa Cruz, zona Norte de Juiz de Fora, no in\u00edcio da madrugada deste s\u00e1bado, 24. A v\u00edtima estava em uma bicicleta quando foi atingida e, com o impacto, foi lan\u00e7ada para dentro de um c\u00f3rrego. De acordo com informa\u00e7\u00f5es do registro da ocorr\u00eancia na Pol\u00edcia Militar (PM), uma testemunha afirmou que os ocupantes chegaram a descer do carro, mas foram embora tempos depois, sem prestar socorro ao ciclista.<\/p>\n<p>Ainda conforme relato da testemunha, a caminhonete transitava pelo local sentido ao bairro Nova Era, quando o ciclista, que vinha em alta velocidade pela Rua Nova, acessou a Avenida Luiza Vitoria Fernandes, cruzando a frente do ve\u00edculo. A bicicleta foi atingida na lateral esquerda e o jovem foi lan\u00e7ado para fora da pista, vindo a cair no interior de um c\u00f3rrego.<\/p>\n<p>A testemunha identificou a condutora da caminhonete e afirmou que al\u00e9m dela havia uma outra mulher e tr\u00eas homens no ve\u00edculo. Segundo a mesma, todos os ocupantes teriam descido do carro e tentaram localizar o ciclista dentro do c\u00f3rrego. Em dado momento, um deles teria dito ter visto um vulto correndo no interior do local. Um outro homem, ent\u00e3o, teria dito que j\u00e1 havia tentado prestar socorro, mas como n\u00e3o via a v\u00edtima, n\u00e3o iria permanecer ali. Na sequ\u00eancia, os cinco embarcaram na caminhonete e foram embora.<\/p>\n<p>De posse de algumas informa\u00e7\u00f5es, os militares se dirigiram \u00e0 casa da mulher que dirigia o ve\u00edculo na hora do atropelamento. No local, a guarni\u00e7\u00e3o foi atendida pela m\u00e3e da condutora, que foi identificada, mas, assim como os demais ocupantes do ve\u00edculo, n\u00e3o foi localizada.<\/p>\n<p>O ciclista foi socorrido por equipes do Corpo de Bombeiros e do Servi\u00e7o de Atendimento M\u00f3vel de Urg\u00eancia (SAMU), mas n\u00e3o resistiu aos ferimentos e morreu no local.<\/p>\n","protected":false},"excerpt":{"rendered":"<p>Um jovem de 18 anos morreu ap\u00f3s ser atropelado por uma caminhonete no bairro Santa Cruz, zona Norte de Juiz de Fora, no in\u00edcio da madrugada deste s\u00e1bado, 24. A v\u00edtima estava em uma bicicleta quando foi atingida e, com o impacto, foi lan\u00e7ada para dentro de um c\u00f3rrego. De acordo com informa\u00e7\u00f5es do registro [&hellip;]<\/p>\n","protected":false},"author":96,"featured_media":94546,"comment_status":"closed","ping_status":"closed","sticky":false,"template":"","format":"standard","meta":{"footnotes":""},"categories":[301],"tags":[],"class_list":["post-94547","post","type-post","status-publish","format-standard","has-post-thumbnail","hentry","category-artigos-policiais"],"_links":{"self":[{"href":"https:\/\/diarioregionaldigital.com.br\/index.php?rest_route=\/wp\/v2\/posts\/94547","targetHints":{"allow":["GET"]}}],"collection":[{"href":"https:\/\/diarioregionaldigital.com.br\/index.php?rest_route=\/wp\/v2\/posts"}],"about":[{"href":"https:\/\/diarioregionaldigital.com.br\/index.php?rest_route=\/wp\/v2\/types\/post"}],"author":[{"embeddable":true,"href":"https:\/\/diarioregionaldigital.com.br\/index.php?rest_route=\/wp\/v2\/users\/96"}],"replies":[{"embeddable":true,"href":"https:\/\/diarioregionaldigital.com.br\/index.php?rest_route=%2Fwp%2Fv2%2Fcomments&post=94547"}],"version-history":[{"count":0,"href":"https:\/\/diarioregionaldigital.com.br\/index.php?rest_route=\/wp\/v2\/posts\/94547\/revisions"}],"wp:featuredmedia":[{"embeddable":true,"href":"https:\/\/diarioregionaldigital.com.br\/index.php?rest_route=\/wp\/v2\/media\/94546"}],"wp:attachment":[{"href":"https:\/\/diarioregionaldigital.com.br\/index.php?rest_route=%2Fwp%2Fv2%2Fmedia&parent=94547"}],"wp:term":[{"taxonomy":"category","embeddable":true,"href":"https:\/\/diarioregionaldigital.com.br\/index.php?rest_route=%2Fwp%2Fv2%2Fcategories&post=94547"},{"taxonomy":"post_tag","embeddable":true,"href":"https:\/\/diarioregionaldigital.com.br\/index.php?rest_route=%2Fwp%2Fv2%2Ftags&post=94547"}],"curies":[{"name":"wp","href":"https:\/\/api.w.org\/{rel}","templated":true}]}}