{"id":94545,"date":"2018-03-24T11:28:55","date_gmt":"2018-03-24T14:28:55","guid":{"rendered":"http:\/\/diarioregionaljf.com.br\/2018\/03\/24\/settra-altera-transito-para-celebracoes-da-semana-santa\/"},"modified":"2018-03-24T11:28:55","modified_gmt":"2018-03-24T14:28:55","slug":"settra-altera-transito-para-celebracoes-da-semana-santa","status":"publish","type":"post","link":"https:\/\/diarioregionaldigital.com.br\/?p=94545","title":{"rendered":"Settra altera tr\u00e2nsito para celebra\u00e7\u00f5es da Semana Santa"},"content":{"rendered":"<p>A Secretaria de Transporte e Tr\u00e2nsito (Settra) far\u00e1 interven\u00e7\u00f5es no tr\u00e2nsito em diversos bairros da cidade para as celebra\u00e7\u00f5es da Semana Santa. As modifica\u00e7\u00f5es ocorrer\u00e3o a partir deste domingo, 25, e v\u00e3o at\u00e9 1\u00b0 de abril, seguindo a programa\u00e7\u00e3o de cada par\u00f3quia. As mudan\u00e7as no tr\u00e2nsito ocorrem no Morro da Gl\u00f3ria, Teixeiras, S\u00e3o Pedro, S\u00e3o Mateus, Centro, Santa Luzia, Monte Castelo, Bonfim\/Santa Rita, Graja\u00fa, Jardim Natal, Francisco Bernardino e Benfica.<\/p>\n<p>Neste s\u00e1bado, 24, em Benfica, ser\u00e1 realizada, a partir das 18h, a \u201cProciss\u00e3o de Ramos\u201d, com interdi\u00e7\u00e3o parcial das vias. O percurso tem in\u00edcio na Rua Rafael M\u00e9rula (Capela de Nossa Senhora da Rosa M\u00edstica), passando pela Rua Maria Eug\u00eania, at\u00e9 a Capela Nossa Senhora das Gra\u00e7as. Outro cortejo cat\u00f3lico, tamb\u00e9m com interdi\u00e7\u00e3o parcial do tr\u00e2nsito, passar\u00e1 pelas vias Nestor Campos, a partir do n\u00famero 10 (Capela Sagrada Fam\u00edlia), Cust\u00f3dio Lopes de Matos, Coronel Jos\u00e9 Domingos dos Reis, Pedro Garcia, Dona Ana Sales, Evaristo da Veiga, Avenida Afonso Garcia, Rua Paulo Garcia, at\u00e9 a Comunidade de F\u00e1tima.<\/p>\n<p>No domingo, 25, as prociss\u00f5es de Ramos acontecem, com interdi\u00e7\u00e3o parcial de vias, nos bairros:<\/p>\n<p>&#8211; Morro da Gl\u00f3ria (Igreja Nossa Senhora da Gl\u00f3ria), \u00e0s 9h, com trajeto pelas ruas Dom Lasagna (lateral do Col\u00e9gio Santa Catarina), dos Artistas, Avenida dos Andradas at\u00e9 a Igreja da Gl\u00f3ria.<\/p>\n<p>-Teixeiras (Par\u00f3quia S\u00e3o Geraldo), \u00e0s 9h, o cortejo religioso tem in\u00edcio na Rua Nair Furtado de Souza, n\u00ba 10 (Igreja Matriz S\u00e3o Geraldo), passando pelas ruas Joaquim D\u00b4Almeida, Jos\u00e9 de Castro Barbosa, General M\u00e1rio Xavier, Nair Furtado de Souza, at\u00e9 a Igreja Matriz S\u00e3o Geraldo.<\/p>\n<p>&#8211; Centro (Catedral Metropolitana), \u00e0s 9h30, passando pelas ruas Santo Ant\u00f4nio (Igreja S\u00e3o Sebasti\u00e3o), Marechal Deodoro, Avenida Bar\u00e3o do Rio Branco (pista lateral sentido Manoel Hon\u00f3rio\/Bom Pastor), Rua Fernando Lobo at\u00e9 o Adro da Catedral.<\/p>\n<p>\u2013 Santa Luzia (Par\u00f3quia de mesmo nome), a prociss\u00e3o partir\u00e1 \u00e0s 8h30 da Avenida Ibitiguaia, n\u00ba 440 (Santu\u00e1rio de Santa Luzia), passando pelas ruas Porto das Flores e Ingr\u00e1cia Pinheiro, n\u00ba 160 (Igreja Matriz de Santa Luzia).<\/p>\n<p>&#8211; Monte Castelo (Par\u00f3quia Nossa Senhora do Perp\u00e9tuo Socorro): a partir 7h, os fi\u00e9is seguir\u00e3o pelas vias Nazira Matar de Freitas, n\u00ba 617, Maria Geralda de Freitas, Geraldo Gomes Ribeiro, Benvindo de Assis Lopes, Coronel Quint\u00e3o, Branca Mascarenhas, Itatiaia, Baturit\u00e9, Luiz Baltazar Eberle, at\u00e9 a Rua Amamba\u00ed, n\u00ba 120 (Par\u00f3quia Nossa Senhora Perp\u00e9tuo Socorro).<\/p>\n<p>J\u00e1 \u00e0s 19h, as interven\u00e7\u00f5es acontecem nas ruas Professor Walqu\u00edrio Seixas, n\u00ba 675, Ant\u00f4nio Costa Pacheco Filho, Luiz Baltazar Eberle e Amamba\u00ed, n\u00ba 120 (Par\u00f3quia Nossa Senhora Perp\u00e9tuo Socorro), para a \u201c2\u00aa B\u00ean\u00e7\u00e3o de Ramos e Prociss\u00e3o do Cristo Padecente\u201d.<\/p>\n<p>&#8211; Bonfim\/Santa Rita (Par\u00f3quia de Santa Rita de C\u00e1ssia): prociss\u00e3o com in\u00edcio \u00e0s 18h, na Rua Oscar Teodoro de Oliveira, n\u00ba 163, passando pela Doutor Geraldo Paleta, Orvile Derby A. Dutra, Marina Ribeiro Oliveira, Ot\u00e1vio Pereira Torres, M\u00facio Vieira, Bar\u00e3o do Retiro, at\u00e9 a Igreja Santa Rita.<\/p>\n<p>&#8211; Francisco Bernardino (Par\u00f3quia Nossa Senhora de Lourdes): o cortejo come\u00e7a \u00e0s 7h, na Rua Jo\u00e3o Leite de Oliveira, n\u00ba 319, com percurso pela Ab\u00edlio Gomes, Tomaz Gonzaga, cruzamento com Avenida Presidente Juscelino Kubitschek, at\u00e9 a Par\u00f3quia Nossa Senhora de Lourdes.<\/p>\n<p>&#8211; Benfica (Par\u00f3quia N. S. Imaculada Concei\u00e7\u00e3o): as celebra\u00e7\u00f5es t\u00eam in\u00edcio \u00e0s 18h30, na Rua Paulo Garcia (Capela de F\u00e1tima), com trajeto pela Avenida Afonso Garcia, ruas Guararapes, Henrique Dias, Paulo Garcia, at\u00e9 a Par\u00f3quia Nossa Senhora da Concei\u00e7\u00e3o.<\/p>\n<p>&#8211; S\u00e3o Mateus, \u00e0s 9h, a Rua Imaculada Concei\u00e7\u00e3o estar\u00e1 parcialmente fechada. No local est\u00e1 prevista a concentra\u00e7\u00e3o dos fi\u00e9is e o in\u00edcio da \u201cProciss\u00e3o de Ramos\u201d em dire\u00e7\u00e3o \u00e0 Igreja Imaculada Concei\u00e7\u00e3o no bairro Dom Bosco.<\/p>\n<p>\u00c0s 9h40, e tamb\u00e9m \u00e0s 17h40, os religiosos se re\u00fanem na Escola Estadual Fernando Lobo, situada na Rua S\u00e3o Mateus, n\u00ba 784, e o cortejo segue para a Igreja S\u00e3o Mateus. Em ambos os hor\u00e1rios, a via estar\u00e1 interditada de forma parcial.<\/p>\n<p>J\u00e1 \u00e0s 19h, os crist\u00e3os caminham com a Imagem de Nossa Senhora das Dores at\u00e9 a Igreja Imaculada Concei\u00e7\u00e3o. A comitiva, saindo da Igreja S\u00e3o Mateus, acontece pelas ruas S\u00e3o Mateus, Ant\u00f4nio Passarela, Mamor\u00e9, Professor Freire, Avenida Presidente Itamar Franco, Doutor Dirceu de Andrade, Doutor Campos Lima, Ant\u00f4nio Maria de Souza, Monsenhor Gustavo Freire, Araguari, Jo\u00e3o Manata e Imaculada Concei\u00e7\u00e3o. O percurso tamb\u00e9m estar\u00e1 parcialmente fechado.<\/p>\n<p>-S\u00e3o Pedro: prociss\u00e3o com in\u00edcio \u00e0s 7h30, na Avenida Senhor dos Passos, n\u00ba 1592 (Igreja matriz da Par\u00f3quia de S\u00e3o Pedro), seguindo pelas ruas Agulhas Negras, El\u00eddio Lino Alves, at\u00e9 a pra\u00e7a do loteamento Nova Germ\u00e2nia.<\/p>\n<p>&#8211; Graja\u00fa: \u00e0s 18h, passando pela Avenida Garibaldi Campinhos (Pra\u00e7a Defesa Civil), ruas do Monte, Nossa Senhora do L\u00edbano, at\u00e9 a Rua Raulinda Magalh\u00e3es, n\u00ba 40 (Par\u00f3quia Nossa Senhora do L\u00edbano).<\/p>\n<p>&#8211; Jardim Natal, a prociss\u00e3o partir\u00e1 \u00e0s 18h na Rua Wenceslau Braz, n\u00ba 363 (Comunidade Nossa Senhora Aparecida), passando pelas ruas Miguel Marco Peres, Tenente Lucas Drumond, Ant\u00f4nio Carlos Silva, at\u00e9 a Rua Ant\u00f4nio Bernardo, n\u00ba 259 (Comunidade Nossa Senhora do Carmo).<\/p>\n<p>A programa\u00e7\u00e3o completa at\u00e9 1\u00b0 de abril pode ser conferida <a href=\"https:\/\/www.pjf.mg.gov.br\/noticias\/anexo\/transito%20semana%20santa.PDF\" target=\"_blank\" rel=\"noopener noreferrer\">aqui<\/a>.<\/p>\n<p>&nbsp;<\/p>\n<p>Fonte: Assessoria<\/p>\n","protected":false},"excerpt":{"rendered":"<p>A Secretaria de Transporte e Tr\u00e2nsito (Settra) far\u00e1 interven\u00e7\u00f5es no tr\u00e2nsito em diversos bairros da cidade para as celebra\u00e7\u00f5es da Semana Santa. As modifica\u00e7\u00f5es ocorrer\u00e3o a partir deste domingo, 25, e v\u00e3o at\u00e9 1\u00b0 de abril, seguindo a programa\u00e7\u00e3o de cada par\u00f3quia. As mudan\u00e7as no tr\u00e2nsito ocorrem no Morro da Gl\u00f3ria, Teixeiras, S\u00e3o Pedro, S\u00e3o [&hellip;]<\/p>\n","protected":false},"author":96,"featured_media":94544,"comment_status":"closed","ping_status":"closed","sticky":false,"template":"","format":"standard","meta":{"footnotes":""},"categories":[253],"tags":[],"class_list":["post-94545","post","type-post","status-publish","format-standard","has-post-thumbnail","hentry","category-cidade"],"_links":{"self":[{"href":"https:\/\/diarioregionaldigital.com.br\/index.php?rest_route=\/wp\/v2\/posts\/94545","targetHints":{"allow":["GET"]}}],"collection":[{"href":"https:\/\/diarioregionaldigital.com.br\/index.php?rest_route=\/wp\/v2\/posts"}],"about":[{"href":"https:\/\/diarioregionaldigital.com.br\/index.php?rest_route=\/wp\/v2\/types\/post"}],"author":[{"embeddable":true,"href":"https:\/\/diarioregionaldigital.com.br\/index.php?rest_route=\/wp\/v2\/users\/96"}],"replies":[{"embeddable":true,"href":"https:\/\/diarioregionaldigital.com.br\/index.php?rest_route=%2Fwp%2Fv2%2Fcomments&post=94545"}],"version-history":[{"count":0,"href":"https:\/\/diarioregionaldigital.com.br\/index.php?rest_route=\/wp\/v2\/posts\/94545\/revisions"}],"wp:featuredmedia":[{"embeddable":true,"href":"https:\/\/diarioregionaldigital.com.br\/index.php?rest_route=\/wp\/v2\/media\/94544"}],"wp:attachment":[{"href":"https:\/\/diarioregionaldigital.com.br\/index.php?rest_route=%2Fwp%2Fv2%2Fmedia&parent=94545"}],"wp:term":[{"taxonomy":"category","embeddable":true,"href":"https:\/\/diarioregionaldigital.com.br\/index.php?rest_route=%2Fwp%2Fv2%2Fcategories&post=94545"},{"taxonomy":"post_tag","embeddable":true,"href":"https:\/\/diarioregionaldigital.com.br\/index.php?rest_route=%2Fwp%2Fv2%2Ftags&post=94545"}],"curies":[{"name":"wp","href":"https:\/\/api.w.org\/{rel}","templated":true}]}}