{"id":94541,"date":"2018-03-24T10:51:57","date_gmt":"2018-03-24T13:51:57","guid":{"rendered":"http:\/\/diarioregionaljf.com.br\/2018\/03\/24\/arrecadacao-federal-cresce-10-67-e-tem-melhor-resultado-para-fevereiro-em-tres-anos\/"},"modified":"2018-03-24T10:51:57","modified_gmt":"2018-03-24T13:51:57","slug":"arrecadacao-federal-cresce-10-67-e-tem-melhor-resultado-para-fevereiro-em-tres-anos","status":"publish","type":"post","link":"https:\/\/diarioregionaldigital.com.br\/?p=94541","title":{"rendered":"Arrecada\u00e7\u00e3o federal cresce 10,67% e tem melhor resultado para fevereiro em tr\u00eas anos"},"content":{"rendered":"<p>Beneficiada pela recupera\u00e7\u00e3o da economia e pela renegocia\u00e7\u00e3o de d\u00edvidas ocorrida no fim do ano passado e em vigor este ano, a arrecada\u00e7\u00e3o federal teve forte crescimento no m\u00eas passado. Segundo n\u00fameros divulgados pela Receita Federal, o governo arrecadou R$105,122 bilh\u00f5es em fevereiro, alta de 10,67% em rela\u00e7\u00e3o ao mesmo m\u00eas do ano passado, descontada a infla\u00e7\u00e3o oficial pelo \u00cdndice Nacional de Pre\u00e7os ao Consumidor Amplo (IPCA).<\/p>\n<p>Em valores corrigidos pelo IPCA, a arrecada\u00e7\u00e3o atingiu o melhor n\u00edvel para o m\u00eas de fevereiro desde 2015. Nos dois primeiros meses de 2018, a Uni\u00e3o arrecadou R$260,742 bilh\u00f5es, alta de 10,34% acima do IPCA em rela\u00e7\u00e3o ao primeiro bimestre do ano passado e o melhor resultado para o per\u00edodo desde 2014.<\/p>\n<p>De acordo com a Receita Federal, a arrecada\u00e7\u00e3o aumentou R$10,136 bilh\u00f5es na compara\u00e7\u00e3o com fevereiro do ano passado em valores corrigidos pelo IPCA. Desse total, parte do crescimento decorreu do Programa Especial de Regulariza\u00e7\u00e3o Tribut\u00e1ria (Pert), tamb\u00e9m conhecido como Novo Refis, e da eleva\u00e7\u00e3o de tributos sobre os combust\u00edveis. No entanto, se forem descontadas fatores externos, a arrecada\u00e7\u00e3o teria crescido 7,36% acima da infla\u00e7\u00e3o.<\/p>\n<p>Em vigor desde o fim de julho do ano passado, a eleva\u00e7\u00e3o do Programa de Integra\u00e7\u00e3o Social (PIS) e da Contribui\u00e7\u00e3o para o Financiamento da Seguridade Social (Cofins) sobre os combust\u00edveis refor\u00e7ou os cofres federais em R$2,334 bilh\u00f5es em fevereiro, contra R$1,089 bilh\u00e3o no mesmo m\u00eas de 2017. Beneficiadas pelo aumento da cota\u00e7\u00e3o do petr\u00f3leo no mercado internacional, que influencia o pagamento de royalties, as receitas n\u00e3o administradas pelo Fisco cresceram 19,26% na mesma compara\u00e7\u00e3o, se for descontada a infla\u00e7\u00e3o.<\/p>\n<p>&nbsp;<\/p>\n<h4>RECUPERA\u00c7\u00c3O<\/h4>\n<p>Mesmo com fatores externos, a recupera\u00e7\u00e3o da economia contribuiu para a melhora da arrecada\u00e7\u00e3o federal. Segundo a Receita Federal, o aumento de 6,7% nas vendas de bens, al\u00e9m do reajuste das al\u00edquotas sobre os combust\u00edveis, impulsionou a arrecada\u00e7\u00e3o de PIS\/Cofins em fevereiro, que cresceu 17,91% acima da infla\u00e7\u00e3o oficial em rela\u00e7\u00e3o a fevereiro do ano passado. Por causa do crescimento da massa salarial, decorrente da recupera\u00e7\u00e3o do emprego formal, a arrecada\u00e7\u00e3o das contribui\u00e7\u00f5es para a Previd\u00eancia Social subiu 2,57% al\u00e9m do IPCA na mesma compara\u00e7\u00e3o.<\/p>\n<p>A alta de 4,3% na produ\u00e7\u00e3o industrial fez a arrecada\u00e7\u00e3o de Imposto sobre Produtos Industrializados (IPI) subir 17,69% acima da infla\u00e7\u00e3o em fevereiro em rela\u00e7\u00e3o ao mesmo m\u00eas do ano passado. O aumento dos lucros das empresas e o pagamento dos tributos sobre as estimativas de ganhos fizeram a arrecada\u00e7\u00e3o de Imposto de Renda Pessoa Jur\u00eddica (IRPJ) e de Contribui\u00e7\u00e3o Social sobre o Lucro L\u00edquido (CSLL) aumentar 16,06% acima da infla\u00e7\u00e3o no per\u00edodo.<\/p>\n<p>&nbsp;<\/p>\n<p>Fonte: Ag\u00eancia Brasil<\/p>\n","protected":false},"excerpt":{"rendered":"<p>Beneficiada pela recupera\u00e7\u00e3o da economia e pela renegocia\u00e7\u00e3o de d\u00edvidas ocorrida no fim do ano passado e em vigor este ano, a arrecada\u00e7\u00e3o federal teve forte crescimento no m\u00eas passado. Segundo n\u00fameros divulgados pela Receita Federal, o governo arrecadou R$105,122 bilh\u00f5es em fevereiro, alta de 10,67% em rela\u00e7\u00e3o ao mesmo m\u00eas do ano passado, descontada [&hellip;]<\/p>\n","protected":false},"author":96,"featured_media":94540,"comment_status":"closed","ping_status":"closed","sticky":false,"template":"","format":"standard","meta":{"footnotes":""},"categories":[261],"tags":[],"class_list":["post-94541","post","type-post","status-publish","format-standard","has-post-thumbnail","hentry","category-economia"],"_links":{"self":[{"href":"https:\/\/diarioregionaldigital.com.br\/index.php?rest_route=\/wp\/v2\/posts\/94541","targetHints":{"allow":["GET"]}}],"collection":[{"href":"https:\/\/diarioregionaldigital.com.br\/index.php?rest_route=\/wp\/v2\/posts"}],"about":[{"href":"https:\/\/diarioregionaldigital.com.br\/index.php?rest_route=\/wp\/v2\/types\/post"}],"author":[{"embeddable":true,"href":"https:\/\/diarioregionaldigital.com.br\/index.php?rest_route=\/wp\/v2\/users\/96"}],"replies":[{"embeddable":true,"href":"https:\/\/diarioregionaldigital.com.br\/index.php?rest_route=%2Fwp%2Fv2%2Fcomments&post=94541"}],"version-history":[{"count":0,"href":"https:\/\/diarioregionaldigital.com.br\/index.php?rest_route=\/wp\/v2\/posts\/94541\/revisions"}],"wp:featuredmedia":[{"embeddable":true,"href":"https:\/\/diarioregionaldigital.com.br\/index.php?rest_route=\/wp\/v2\/media\/94540"}],"wp:attachment":[{"href":"https:\/\/diarioregionaldigital.com.br\/index.php?rest_route=%2Fwp%2Fv2%2Fmedia&parent=94541"}],"wp:term":[{"taxonomy":"category","embeddable":true,"href":"https:\/\/diarioregionaldigital.com.br\/index.php?rest_route=%2Fwp%2Fv2%2Fcategories&post=94541"},{"taxonomy":"post_tag","embeddable":true,"href":"https:\/\/diarioregionaldigital.com.br\/index.php?rest_route=%2Fwp%2Fv2%2Ftags&post=94541"}],"curies":[{"name":"wp","href":"https:\/\/api.w.org\/{rel}","templated":true}]}}