{"id":94539,"date":"2018-03-23T23:22:28","date_gmt":"2018-03-24T02:22:28","guid":{"rendered":"http:\/\/diarioregionaljf.com.br\/2018\/03\/23\/policia-civil-realiza-operacao-para-recuperar-carga-roubada-em-sao-miguel-do-anta\/"},"modified":"2018-03-23T23:22:28","modified_gmt":"2018-03-24T02:22:28","slug":"policia-civil-realiza-operacao-para-recuperar-carga-roubada-em-sao-miguel-do-anta","status":"publish","type":"post","link":"https:\/\/diarioregionaldigital.com.br\/?p=94539","title":{"rendered":"Pol\u00edcia Civil realiza opera\u00e7\u00e3o para recuperar carga roubada em S\u00e3o Miguel do Anta"},"content":{"rendered":"<p>Nessa quinta-feira, 22, a Pol\u00edcia Civil de Minas Gerais, desencadeou, em Vi\u00e7osa, a opera\u00e7\u00e3o \u201cexpresso\u201d, com o objetivo de apurar um furto de carga de caf\u00e9. A opera\u00e7\u00e3o teve in\u00edcio a partir do furto de uma grande quantidade do produto, na cidade de S\u00e3o Miguel do Anta, no dia 16 de mar\u00e7o.<\/p>\n<p>A equipe de investigadores, ap\u00f3s intensa investiga\u00e7\u00e3o, chegou at\u00e9 os suspeitos do crime, localizando a carga de caf\u00e9 furtada, avaliada em aproximadamente R$50 mil reais. A carga foi localizada em uma fazenda na regi\u00e3o denominada &#8220;Rancho&#8221;, Zona Rural da Cidade de Erv\u00e1lia.<\/p>\n<p>Segundo a autoridade policial respons\u00e1vel pelo caso, a opera\u00e7\u00e3o continua para apura\u00e7\u00e3o de prov\u00e1veis outros envolvidos, com a poss\u00edvel representa\u00e7\u00e3o por medidas cautelares. Ap\u00f3s os procedimentos, a carga foi restitu\u00edda \u00e0 v\u00edtima.<\/p>\n<hr \/>\n<p>&nbsp;Fonte: Assessoria\/PCMG<\/p>\n","protected":false},"excerpt":{"rendered":"<p>Nessa quinta-feira, 22, a Pol\u00edcia Civil de Minas Gerais, desencadeou, em Vi\u00e7osa, a opera\u00e7\u00e3o \u201cexpresso\u201d, com o objetivo de apurar um furto de carga de caf\u00e9. A opera\u00e7\u00e3o teve in\u00edcio a partir do furto de uma grande quantidade do produto, na cidade de S\u00e3o Miguel do Anta, no dia 16 de mar\u00e7o. A equipe de [&hellip;]<\/p>\n","protected":false},"author":96,"featured_media":94538,"comment_status":"closed","ping_status":"closed","sticky":false,"template":"","format":"standard","meta":{"footnotes":""},"categories":[252],"tags":[],"class_list":["post-94539","post","type-post","status-publish","format-standard","has-post-thumbnail","hentry","category-regiao"],"_links":{"self":[{"href":"https:\/\/diarioregionaldigital.com.br\/index.php?rest_route=\/wp\/v2\/posts\/94539","targetHints":{"allow":["GET"]}}],"collection":[{"href":"https:\/\/diarioregionaldigital.com.br\/index.php?rest_route=\/wp\/v2\/posts"}],"about":[{"href":"https:\/\/diarioregionaldigital.com.br\/index.php?rest_route=\/wp\/v2\/types\/post"}],"author":[{"embeddable":true,"href":"https:\/\/diarioregionaldigital.com.br\/index.php?rest_route=\/wp\/v2\/users\/96"}],"replies":[{"embeddable":true,"href":"https:\/\/diarioregionaldigital.com.br\/index.php?rest_route=%2Fwp%2Fv2%2Fcomments&post=94539"}],"version-history":[{"count":0,"href":"https:\/\/diarioregionaldigital.com.br\/index.php?rest_route=\/wp\/v2\/posts\/94539\/revisions"}],"wp:featuredmedia":[{"embeddable":true,"href":"https:\/\/diarioregionaldigital.com.br\/index.php?rest_route=\/wp\/v2\/media\/94538"}],"wp:attachment":[{"href":"https:\/\/diarioregionaldigital.com.br\/index.php?rest_route=%2Fwp%2Fv2%2Fmedia&parent=94539"}],"wp:term":[{"taxonomy":"category","embeddable":true,"href":"https:\/\/diarioregionaldigital.com.br\/index.php?rest_route=%2Fwp%2Fv2%2Fcategories&post=94539"},{"taxonomy":"post_tag","embeddable":true,"href":"https:\/\/diarioregionaldigital.com.br\/index.php?rest_route=%2Fwp%2Fv2%2Ftags&post=94539"}],"curies":[{"name":"wp","href":"https:\/\/api.w.org\/{rel}","templated":true}]}}