{"id":94533,"date":"2018-03-23T22:19:14","date_gmt":"2018-03-24T01:19:14","guid":{"rendered":"http:\/\/diarioregionaljf.com.br\/2018\/03\/23\/prefeitura-municipal-de-tocantins-25-03-18\/"},"modified":"2018-08-13T20:32:57","modified_gmt":"2018-08-13T23:32:57","slug":"prefeitura-municipal-de-tocantins-25-03-18","status":"publish","type":"post","link":"https:\/\/diarioregionaldigital.com.br\/?p=94533","title":{"rendered":"Prefeitura Municipal de Tocantins 25\/03\/18"},"content":{"rendered":"<p style=\"text-align: center;\"><span class=\"h4\">AVISO DE REDESIGNA\u00c7\u00c3O<\/span><br \/><span class=\"h4\">Licita\u00e7\u00e3o n\u00b0 022\/2018<\/span><br \/><span class=\"h4\">Modalidade de TOMADA DE PRE\u00c7OS n\u00b0 001\/2018<\/span><br \/>O Munic\u00edpio de TOCANTINS, na forma da lei, faz saber a todos os interessados que REDESIGNOU a data de abertura da sess\u00e3o p\u00fablica para o dia 11\/04\/2018 as 09:00 horas, na sala da comiss\u00e3o de licita\u00e7\u00e3o, localizada na Av. Padre Mac\u00e1rio, n\u00b0 129, bairro Centro, munic\u00edpio de TOCANTINS. JUSTIFICATIVA: Publica\u00e7\u00e3o do Decreto Municipal n\u00ba 026 de 22 de mar\u00e7o de 2018, que declarou ponto facultativo nas reparti\u00e7\u00f5es p\u00fablicas do Munic\u00edpio de Tocantins no dia 29 de mar\u00e7o de 2018. O edital completo encontra-se a disposi\u00e7\u00e3o dos interessados no endere\u00e7o citado anteriormente, no hor\u00e1rio de expediente de 08:00 \u00e0s 11:00 e de 13:00 as 16:00 hrs. TOCANTINS, 22 de mar\u00e7o de 2018. MARIA DE F\u00c1TIMA DA SILVA RODRIGUES &#8211; PRESIDENTE DA COMISS\u00c3O DE LICITA\u00c7\u00d5ES<\/p>\n","protected":false},"excerpt":{"rendered":"<p>AVISO DE REDESIGNA\u00c7\u00c3OLicita\u00e7\u00e3o n\u00b0 022\/2018Modalidade de TOMADA DE PRE\u00c7OS n\u00b0 001\/2018O Munic\u00edpio de TOCANTINS, na forma da lei, faz saber a todos os interessados que REDESIGNOU a data de abertura da sess\u00e3o p\u00fablica para o dia 11\/04\/2018 as 09:00 horas, na sala da comiss\u00e3o de licita\u00e7\u00e3o, localizada na Av. Padre Mac\u00e1rio, n\u00b0 129, bairro Centro, [&hellip;]<\/p>\n","protected":false},"author":96,"featured_media":0,"comment_status":"closed","ping_status":"closed","sticky":false,"template":"","format":"standard","meta":{"footnotes":""},"categories":[307],"tags":[],"class_list":["post-94533","post","type-post","status-publish","format-standard","hentry","category-editais"],"_links":{"self":[{"href":"https:\/\/diarioregionaldigital.com.br\/index.php?rest_route=\/wp\/v2\/posts\/94533","targetHints":{"allow":["GET"]}}],"collection":[{"href":"https:\/\/diarioregionaldigital.com.br\/index.php?rest_route=\/wp\/v2\/posts"}],"about":[{"href":"https:\/\/diarioregionaldigital.com.br\/index.php?rest_route=\/wp\/v2\/types\/post"}],"author":[{"embeddable":true,"href":"https:\/\/diarioregionaldigital.com.br\/index.php?rest_route=\/wp\/v2\/users\/96"}],"replies":[{"embeddable":true,"href":"https:\/\/diarioregionaldigital.com.br\/index.php?rest_route=%2Fwp%2Fv2%2Fcomments&post=94533"}],"version-history":[{"count":0,"href":"https:\/\/diarioregionaldigital.com.br\/index.php?rest_route=\/wp\/v2\/posts\/94533\/revisions"}],"wp:attachment":[{"href":"https:\/\/diarioregionaldigital.com.br\/index.php?rest_route=%2Fwp%2Fv2%2Fmedia&parent=94533"}],"wp:term":[{"taxonomy":"category","embeddable":true,"href":"https:\/\/diarioregionaldigital.com.br\/index.php?rest_route=%2Fwp%2Fv2%2Fcategories&post=94533"},{"taxonomy":"post_tag","embeddable":true,"href":"https:\/\/diarioregionaldigital.com.br\/index.php?rest_route=%2Fwp%2Fv2%2Ftags&post=94533"}],"curies":[{"name":"wp","href":"https:\/\/api.w.org\/{rel}","templated":true}]}}