{"id":94526,"date":"2018-03-23T21:48:30","date_gmt":"2018-03-24T00:48:30","guid":{"rendered":"http:\/\/diarioregionaljf.com.br\/2018\/03\/23\/especialista-alerta-para-cuidados-com-a-tuberculose\/"},"modified":"2018-03-23T21:48:30","modified_gmt":"2018-03-24T00:48:30","slug":"especialista-alerta-para-cuidados-com-a-tuberculose","status":"publish","type":"post","link":"https:\/\/diarioregionaldigital.com.br\/?p=94526","title":{"rendered":"Especialista alerta para cuidados com a tuberculose"},"content":{"rendered":"<p>A tuberculose \u00e9 uma doen\u00e7a, respons\u00e1vel por 4 mil mortes anuais no pa\u00eds, segundo o Minist\u00e9rio da Sa\u00fade. Estimasse que todos os anos, 70 mil novos casos aparecem. Em Juiz de Fora, de acordo com a Secretaria de Sa\u00fade, a patologia infectou 301 pessoas em 2016. Entre janeiro e junho de 2017, 155 casos foram notificados. Em fun\u00e7\u00e3o dos dados preocupantes, o dia 24 de mar\u00e7o se tornou a data de combate \u00e0 doen\u00e7a, em que a\u00e7\u00f5es de conscientiza\u00e7\u00e3o s\u00e3o realizadas em todo o mundo.<\/p>\n<p>A pneumologista e tisiologista do PAM Marechal, M\u00e1rcia Habbad, explica o que \u00e9 a doen\u00e7a. \u201cA tuberculose \u00e9 uma doen\u00e7a provocada por um bacilo, chamado Koch. A bact\u00e9ria \u00e9 transmitida atrav\u00e9s das vias respirat\u00f3rias, de uma pessoa infectada para outra. Quando esse ser humano espirra, tosse, ele libera o bacilo no ar e passa para outras pessoas. Evidentemente que \u00e9 necess\u00e1rio um contato prolongado para provocar a doen\u00e7a\u201d, esclarece.<\/p>\n<p>M\u00e1rcia destaca os principais sintomas. \u201c\u00c9 uma tosse que dura mais de tr\u00eas semanas, pode ser seca ou pode vir acompanhada de secre\u00e7\u00e3o. Junto disso, costuma causar febre, mal-estar, fraqueza, falta de ar, emagrecimento e falta de apetite\u201d, afirma. Os locais mais acometidos s\u00e3o os pulm\u00f5es, onde os bacilos alojados provocam uma destrui\u00e7\u00e3o do tecido pulmonar. \u201cMas, pode atingir qualquer lugar do organismo, os rins, a pele, olho, intestino\u201d, refor\u00e7a.<\/p>\n<p>Ela tamb\u00e9m explica que o tratamento \u00e9 eficaz, cura a doen\u00e7a, dura seis meses e \u00e9 gratuito. \u201cPor\u00e9m, \u00e9 importante que o fa\u00e7a rigorosamente nesse per\u00edodo, pois o risco de a doen\u00e7a voltar \u00e9 grande. O Sistema \u00danico de Sa\u00fade (SUS) oferece toda a medica\u00e7\u00e3o e a popula\u00e7\u00e3o pode ter acesso atrav\u00e9s das unidades B\u00e1sica de Sa\u00fade (UBS)\u201d, diz.<\/p>\n<p>Alguns cuidados b\u00e1sicos, como manter a casa arejada podem ajudar na preven\u00e7\u00e3o da doen\u00e7a, mas, o principal \u00e9 que as pessoas que estejam com tosse h\u00e1 tr\u00eas semanas procurem um m\u00e9dio. \u201cAssim que o paciente come\u00e7a a se tratar, ele interrompe o cont\u00e1gio\u201d, conclui.<\/p>\n","protected":false},"excerpt":{"rendered":"<p>A tuberculose \u00e9 uma doen\u00e7a, respons\u00e1vel por 4 mil mortes anuais no pa\u00eds, segundo o Minist\u00e9rio da Sa\u00fade. Estimasse que todos os anos, 70 mil novos casos aparecem. Em Juiz de Fora, de acordo com a Secretaria de Sa\u00fade, a patologia infectou 301 pessoas em 2016. Entre janeiro e junho de 2017, 155 casos foram [&hellip;]<\/p>\n","protected":false},"author":96,"featured_media":0,"comment_status":"closed","ping_status":"closed","sticky":false,"template":"","format":"standard","meta":{"footnotes":""},"categories":[253],"tags":[],"class_list":["post-94526","post","type-post","status-publish","format-standard","hentry","category-cidade"],"_links":{"self":[{"href":"https:\/\/diarioregionaldigital.com.br\/index.php?rest_route=\/wp\/v2\/posts\/94526","targetHints":{"allow":["GET"]}}],"collection":[{"href":"https:\/\/diarioregionaldigital.com.br\/index.php?rest_route=\/wp\/v2\/posts"}],"about":[{"href":"https:\/\/diarioregionaldigital.com.br\/index.php?rest_route=\/wp\/v2\/types\/post"}],"author":[{"embeddable":true,"href":"https:\/\/diarioregionaldigital.com.br\/index.php?rest_route=\/wp\/v2\/users\/96"}],"replies":[{"embeddable":true,"href":"https:\/\/diarioregionaldigital.com.br\/index.php?rest_route=%2Fwp%2Fv2%2Fcomments&post=94526"}],"version-history":[{"count":0,"href":"https:\/\/diarioregionaldigital.com.br\/index.php?rest_route=\/wp\/v2\/posts\/94526\/revisions"}],"wp:attachment":[{"href":"https:\/\/diarioregionaldigital.com.br\/index.php?rest_route=%2Fwp%2Fv2%2Fmedia&parent=94526"}],"wp:term":[{"taxonomy":"category","embeddable":true,"href":"https:\/\/diarioregionaldigital.com.br\/index.php?rest_route=%2Fwp%2Fv2%2Fcategories&post=94526"},{"taxonomy":"post_tag","embeddable":true,"href":"https:\/\/diarioregionaldigital.com.br\/index.php?rest_route=%2Fwp%2Fv2%2Ftags&post=94526"}],"curies":[{"name":"wp","href":"https:\/\/api.w.org\/{rel}","templated":true}]}}