{"id":94525,"date":"2018-03-23T21:11:09","date_gmt":"2018-03-24T00:11:09","guid":{"rendered":"http:\/\/diarioregionaljf.com.br\/2018\/03\/23\/70-anos\/"},"modified":"2018-03-23T21:11:09","modified_gmt":"2018-03-24T00:11:09","slug":"70-anos","status":"publish","type":"post","link":"https:\/\/diarioregionaldigital.com.br\/?p=94525","title":{"rendered":"70 anos"},"content":{"rendered":"<p style=\"text-align: center;\"><span class=\"h4\">Carnaval JF\/2019<\/span><br \/>O enredo do Bloco Eu e Voc\u00ea, para o carnaval do ano que vem, vai homenagear o eterno Rei Momo Carlos Guedes. A presidente Dirce D\u00e1rio Almeida e diretoria bateram o martelo na reuni\u00e3o que teve o homenageado que ficou muito emocionado. Durante os drinques, presen\u00e7as carnavalescas de Z\u00e9 Kodak e Nelsinho Resende prometeram ajudar e trabalhar o ano inteiro para que o desfile seja espetacular.<\/p>\n<p style=\"text-align: center;\"><span class=\"h4\">Na Moda<\/span><br \/>O projeto Backstage, da jornalista Ana Paula Dessupoio, est\u00e1 chamando a aten\u00e7\u00e3o do p\u00fablico interessado em moda de Juiz de Fora e regi\u00e3o. Atualmente, o projeto est\u00e1 a todo vapor para a produ\u00e7\u00e3o do Curso de Consultoria em Mercado de Moda, que ser\u00e1 ministrado pela blogueira Ca Villas. O evento ser\u00e1 realizado no dia 7 de abril, no Gran Victory Hotel. As inscri\u00e7\u00f5es para o evento j\u00e1 est\u00e3o abertas.<\/p>\n<p style=\"text-align: center;\"><span class=\"h4\">Em Alta<\/span><br \/>Repercutindo em Juiz de Fora a CDI, uma empresa brasileira atuante no mercado de constru\u00e7\u00e3o civil e incorpora\u00e7\u00e3o imobili\u00e1ria que vem se destacando pelas suas realiza\u00e7\u00f5es. A equipe de colaboradores, parceiros e fornecedores t\u00eam no diferencial a constante capacita\u00e7\u00e3o e a reinven\u00e7\u00e3o para engajamento profissional com empres\u00e1rios para o bem-estar coletivo. Aplausos.<\/p>\n<p style=\"text-align: center;\"><span class=\"h4\">Voc\u00ea Sabia?<\/span><br \/>Empresas tradicionais de diferentes setores buscam um atalho para se conectar com os novos tempos e conhecer melhor os clientes: a compra de companhias especializadas no mundo digital. O movimento tem se mostrado t\u00e3o intenso, que parcerias digitais est\u00e3o em alta para se conectar com o p\u00fablico e o futuro. Para este colunista a busca pelo digital \u00e9 inevit\u00e1vel. E isso j\u00e1 est\u00e1 acontecendo. Fique de olho!<\/p>\n<p style=\"text-align: center;\"><span class=\"h4\">Homenagem<\/span><br \/>Em estilo \u00fanico, a Secretaria de Governo da Prefeitura de Juiz de Fora convida este colunista para a solenidade de entrega do Trof\u00e9u Mulher Cidad\u00e3 2018 nesta 2\u00ba feira, 26, \u00e0s 19h30, no Teatro Paschoal Carlos Magno. Na sequ\u00eancia, 15 mulheres de real valor ser\u00e3o homenageadas.<\/p>\n<p style=\"text-align: center;\"><span class=\"h4\">Anivers\u00e1rio<\/span><br \/>Pesquisador e sabe tudo, o monarquista e livreiro Jean Menezes do Carmo avisa ao colunista que o Pal\u00e1cio Barbosa Lima, onde funciona a C\u00e2mara Municipal, completou 140 anos. O pr\u00e9dio constru\u00eddo pelo poder p\u00fablico em Juiz de Fora, foi inaugurado em 1878, com a presen\u00e7a do imperador Dom Pedro II e a obra custeada com subscri\u00e7\u00e3o popular.<\/p>\n<p style=\"text-align: center;\"><span class=\"h3\">70 anos<\/span><br \/>Carlos Guedes abriu sua resid\u00eancia no bairro Bandeirantes em torno do anivers\u00e1rio de 70 anos do estimado General da Banda Daki, Z\u00e9 Kodak. A noite de alt\u00edssimo astral teve farta mesa de frios e acepipes mineiro e \u00e1rabe. O primoroso jantar contou com delicioso estrogonofe de frango regado com muita cerveja, whisky, refrigerante e \u00e1gua. Ao final, com bolo delicioso, o parab\u00e9ns foi entoado pelos amigos. As fotos de Marc\u00edlio Gomes registram as presen\u00e7as.<\/p>\n<p style=\"text-align: center;\"><img decoding=\"async\" class=\" size-full wp-image-94516\" src=\"http:\/\/diarioregionaljf.com.br\/wp-content\/uploads\/2018\/03\/diario-int-25391-1.JPG\" alt=\"fotoa.JPG\" width=\"680\" style=\"display: block; margin-left: auto; margin-right: auto;\" srcset=\"https:\/\/diarioregionaldigital.com.br\/wp-content\/uploads\/2018\/03\/diario-int-25391-1.JPG 680w, https:\/\/diarioregionaldigital.com.br\/wp-content\/uploads\/2018\/03\/diario-int-25391-1-300x199.jpg 300w, https:\/\/diarioregionaldigital.com.br\/wp-content\/uploads\/2018\/03\/diario-int-25391-1-360x238.jpg 360w\" sizes=\"(max-width: 680px) 100vw, 680px\" \/>Presen\u00e7as amigas, Eduardo Gomes, Beth e Ney Ank e o aniversariante Z\u00e9 Kodak<\/p>\n<p style=\"text-align: center;\"><img decoding=\"async\" class=\" size-full wp-image-94517\" src=\"http:\/\/diarioregionaljf.com.br\/wp-content\/uploads\/2018\/03\/diario-int-25391-2.JPG\" alt=\"fotob.JPG\" width=\"680\" style=\"display: block; margin-left: auto; margin-right: auto;\" srcset=\"https:\/\/diarioregionaldigital.com.br\/wp-content\/uploads\/2018\/03\/diario-int-25391-2.JPG 680w, https:\/\/diarioregionaldigital.com.br\/wp-content\/uploads\/2018\/03\/diario-int-25391-2-300x199.jpg 300w, https:\/\/diarioregionaldigital.com.br\/wp-content\/uploads\/2018\/03\/diario-int-25391-2-360x238.jpg 360w\" sizes=\"(max-width: 680px) 100vw, 680px\" \/>Os poderosos: Valtencir F\u00e1vero, Z\u00e9 Kodak e Jo\u00e3o Matos<\/p>\n<p style=\"text-align: center;\"><img decoding=\"async\" class=\" size-full wp-image-94518\" src=\"http:\/\/diarioregionaljf.com.br\/wp-content\/uploads\/2018\/03\/diario-int-25391-3.JPG\" alt=\"fotoc.JPG\" width=\"680\" style=\"display: block; margin-left: auto; margin-right: auto;\" srcset=\"https:\/\/diarioregionaldigital.com.br\/wp-content\/uploads\/2018\/03\/diario-int-25391-3.JPG 680w, https:\/\/diarioregionaldigital.com.br\/wp-content\/uploads\/2018\/03\/diario-int-25391-3-300x199.jpg 300w, https:\/\/diarioregionaldigital.com.br\/wp-content\/uploads\/2018\/03\/diario-int-25391-3-360x238.jpg 360w\" sizes=\"(max-width: 680px) 100vw, 680px\" \/>Edna Saleme e Ligeirinho, Marcelo Barra e Carlos Tavares de Souza<\/p>\n<p style=\"text-align: center;\"><img decoding=\"async\" class=\" size-full wp-image-94519\" src=\"http:\/\/diarioregionaljf.com.br\/wp-content\/uploads\/2018\/03\/diario-int-25391-4.JPG\" alt=\"fotod.JPG\" width=\"680\" style=\"display: block; margin-left: auto; margin-right: auto;\" srcset=\"https:\/\/diarioregionaldigital.com.br\/wp-content\/uploads\/2018\/03\/diario-int-25391-4.JPG 680w, https:\/\/diarioregionaldigital.com.br\/wp-content\/uploads\/2018\/03\/diario-int-25391-4-300x199.jpg 300w, https:\/\/diarioregionaldigital.com.br\/wp-content\/uploads\/2018\/03\/diario-int-25391-4-360x238.jpg 360w\" sizes=\"(max-width: 680px) 100vw, 680px\" \/>Boizinho, Z\u00e9 Kodak, Fernando Lu\u00eds Baldioti e Nelson J\u00fanior<\/p>\n<p style=\"text-align: center;\"><img decoding=\"async\" class=\" size-full wp-image-94520\" src=\"http:\/\/diarioregionaljf.com.br\/wp-content\/uploads\/2018\/03\/diario-int-25391-5.JPG\" alt=\"fotoe.JPG\" width=\"680\" style=\"display: block; margin-left: auto; margin-right: auto;\" srcset=\"https:\/\/diarioregionaldigital.com.br\/wp-content\/uploads\/2018\/03\/diario-int-25391-5.JPG 680w, https:\/\/diarioregionaldigital.com.br\/wp-content\/uploads\/2018\/03\/diario-int-25391-5-300x199.jpg 300w, https:\/\/diarioregionaldigital.com.br\/wp-content\/uploads\/2018\/03\/diario-int-25391-5-360x238.jpg 360w\" sizes=\"(max-width: 680px) 100vw, 680px\" \/>Z\u00e9 Kodak e Reinaldo \u00c2ngelo<\/p>\n<p style=\"text-align: center;\"><img decoding=\"async\" class=\" size-full wp-image-94521\" src=\"http:\/\/diarioregionaljf.com.br\/wp-content\/uploads\/2018\/03\/diario-int-25391-6.JPG\" alt=\"fotof.JPG\" width=\"680\" style=\"display: block; margin-left: auto; margin-right: auto;\" srcset=\"https:\/\/diarioregionaldigital.com.br\/wp-content\/uploads\/2018\/03\/diario-int-25391-6.JPG 680w, https:\/\/diarioregionaldigital.com.br\/wp-content\/uploads\/2018\/03\/diario-int-25391-6-300x199.jpg 300w, https:\/\/diarioregionaldigital.com.br\/wp-content\/uploads\/2018\/03\/diario-int-25391-6-360x238.jpg 360w\" sizes=\"(max-width: 680px) 100vw, 680px\" \/>Z\u00e9 Kodak, Carlos Guedes e Eduardo Gomes<\/p>\n<p style=\"text-align: center;\"><img decoding=\"async\" class=\" size-full wp-image-94522\" src=\"http:\/\/diarioregionaljf.com.br\/wp-content\/uploads\/2018\/03\/diario-int-25391-7.jpg\" alt=\"fotog.jpg\" width=\"680\" style=\"display: block; margin-left: auto; margin-right: auto;\" srcset=\"https:\/\/diarioregionaldigital.com.br\/wp-content\/uploads\/2018\/03\/diario-int-25391-7.jpg 680w, https:\/\/diarioregionaldigital.com.br\/wp-content\/uploads\/2018\/03\/diario-int-25391-7-300x199.jpg 300w, https:\/\/diarioregionaldigital.com.br\/wp-content\/uploads\/2018\/03\/diario-int-25391-7-360x238.jpg 360w\" sizes=\"(max-width: 680px) 100vw, 680px\" \/>Lu\u00eds Fernando Sirimarco e Edson Saleme<\/p>\n<p style=\"text-align: center;\"><img decoding=\"async\" class=\" size-full wp-image-94523\" src=\"http:\/\/diarioregionaljf.com.br\/wp-content\/uploads\/2018\/03\/diario-int-25391-8.jpg\" alt=\"fotoh.jpg\" width=\"680\" style=\"display: block; margin-left: auto; margin-right: auto;\" srcset=\"https:\/\/diarioregionaldigital.com.br\/wp-content\/uploads\/2018\/03\/diario-int-25391-8.jpg 680w, https:\/\/diarioregionaldigital.com.br\/wp-content\/uploads\/2018\/03\/diario-int-25391-8-300x199.jpg 300w, https:\/\/diarioregionaldigital.com.br\/wp-content\/uploads\/2018\/03\/diario-int-25391-8-360x238.jpg 360w\" sizes=\"(max-width: 680px) 100vw, 680px\" \/>Carlos Tavares de Souza, Marcelo Barra, Z\u00e9 Kodak, Ligeirinho, Nelson Resende de Barros e Osvaldo Fernandes Filho<\/p>\n<p style=\"text-align: center;\"><img decoding=\"async\" class=\" size-full wp-image-94524\" src=\"http:\/\/diarioregionaljf.com.br\/wp-content\/uploads\/2018\/03\/diario-int-25391-9.jpg\" alt=\"fotoi.jpg\" width=\"680\" style=\"display: block; margin-left: auto; margin-right: auto;\" srcset=\"https:\/\/diarioregionaldigital.com.br\/wp-content\/uploads\/2018\/03\/diario-int-25391-9.jpg 680w, https:\/\/diarioregionaldigital.com.br\/wp-content\/uploads\/2018\/03\/diario-int-25391-9-300x169.jpg 300w, https:\/\/diarioregionaldigital.com.br\/wp-content\/uploads\/2018\/03\/diario-int-25391-9-360x203.jpg 360w\" sizes=\"(max-width: 680px) 100vw, 680px\" \/>Cesar Romero, Serj\u00e3o Evangelista, Carlos Guedes e Marc\u00edlio Gomes<\/p>\n<p class=\"h4\" style=\"text-align: center;\">FOTOSS\u00cdNTESE<\/p>\n<p>Para suavizar a Semana Santa, no domingo, 25, tem a 1\u00aa Missa Campal no G.R.E.S Uni\u00e3o das Cores: A partir das 7h, a prociss\u00e3o sair\u00e1 do Bairro Amazonas com destino a quadra da escola no Milho Branco.<\/p>\n<p>Para a garotada delirar, no domingo, 25, dentro da Caravana da Alegria no Teatro Solar, tem o lindo espet\u00e1culo \u201cFrozen\u201d, \u00e0s 16h. Pre\u00e7o promocional 10 reais.<\/p>\n<p>Dica: os cosm\u00e9ticos da marca Bela Recatada. Em cena xampus com refer\u00eancia em Cachos Empoderados, Crescimento Express, Loira Rica, Liso a Frio, Salva Cabelo e Bye Bye Oleosidade. Para informa\u00e7\u00f5es: 3212-6795 e 3234-9188.<\/p>\n<p>Aten\u00e7\u00e3o: Com a divulga\u00e7\u00e3o dos candidatos ao posto de Miss e Mister Juiz de Fora 2018, o evento est\u00e1 em andamento com sua primeira fase: o voto popular no Facebook e Instagram, at\u00e9 29 de maio com a elei\u00e7\u00e3o do Casal Popularidade. A final ser\u00e1 dia 30 de maio, no Teatro Solar.<\/p>\n<p>Digno de todos os elogios, Rog\u00e9rio Souza Rodrigues vai receber nesta 2\u00aa feira, 26, \u00e0s 15h, na C\u00e2mara Municipal, uma honrosa Mo\u00e7\u00e3o de Aplauso. Ele presta relevantes servi\u00e7os para com a Pessoa Idosa.<\/p>\n<p>A professora Vera Mello Reis foi homenageada no MAMM pelo m\u00eas da mulher. A iniciativa foi do Centro de A\u00e7\u00e3o Cultural (CAC).<\/p>\n<p>Com textos de Elena Duarte, Gustavo Burla, Louise Nascimento, Mariana Virg\u00edlio, Ra\u00edssa Varandas e T\u00e1scia Souza e desenhos de Bernard Martoni, capa do artista Petrillo, e design de Tatiana Lira, foi lan\u00e7ado com sucesso no F\u00f3rum da Cultura, o livro \u201cP\u00f4quer a seis\u201d. Belos contos gira em torno de uma mesa do famoso jogo. O livro foi lan\u00e7ado atrav\u00e9s de financiamento coletivo.<\/p>\n<p>Aten\u00e7\u00e3o: Hoje no Circo M\u00e1gico, montado no estacionamento do Shopping Jardim Norte, tem o animado grupo Patati-Patat\u00e1.<\/p>\n<p>Para prestar aten\u00e7\u00e3o: O dif\u00edcil \u00e9 desmanchar o primeiro circo. Bom dia.<\/p>\n","protected":false},"excerpt":{"rendered":"<p>Carnaval JF\/2019O enredo do Bloco Eu e Voc\u00ea, para o carnaval do ano que vem, vai homenagear o eterno Rei Momo Carlos Guedes. A presidente Dirce D\u00e1rio Almeida e diretoria bateram o martelo na reuni\u00e3o que teve o homenageado que ficou muito emocionado. Durante os drinques, presen\u00e7as carnavalescas de Z\u00e9 Kodak e Nelsinho Resende prometeram [&hellip;]<\/p>\n","protected":false},"author":96,"featured_media":94515,"comment_status":"closed","ping_status":"closed","sticky":false,"template":"","format":"standard","meta":{"footnotes":""},"categories":[264],"tags":[],"class_list":["post-94525","post","type-post","status-publish","format-standard","has-post-thumbnail","hentry","category-eduardo-gomes"],"_links":{"self":[{"href":"https:\/\/diarioregionaldigital.com.br\/index.php?rest_route=\/wp\/v2\/posts\/94525","targetHints":{"allow":["GET"]}}],"collection":[{"href":"https:\/\/diarioregionaldigital.com.br\/index.php?rest_route=\/wp\/v2\/posts"}],"about":[{"href":"https:\/\/diarioregionaldigital.com.br\/index.php?rest_route=\/wp\/v2\/types\/post"}],"author":[{"embeddable":true,"href":"https:\/\/diarioregionaldigital.com.br\/index.php?rest_route=\/wp\/v2\/users\/96"}],"replies":[{"embeddable":true,"href":"https:\/\/diarioregionaldigital.com.br\/index.php?rest_route=%2Fwp%2Fv2%2Fcomments&post=94525"}],"version-history":[{"count":0,"href":"https:\/\/diarioregionaldigital.com.br\/index.php?rest_route=\/wp\/v2\/posts\/94525\/revisions"}],"wp:featuredmedia":[{"embeddable":true,"href":"https:\/\/diarioregionaldigital.com.br\/index.php?rest_route=\/wp\/v2\/media\/94515"}],"wp:attachment":[{"href":"https:\/\/diarioregionaldigital.com.br\/index.php?rest_route=%2Fwp%2Fv2%2Fmedia&parent=94525"}],"wp:term":[{"taxonomy":"category","embeddable":true,"href":"https:\/\/diarioregionaldigital.com.br\/index.php?rest_route=%2Fwp%2Fv2%2Fcategories&post=94525"},{"taxonomy":"post_tag","embeddable":true,"href":"https:\/\/diarioregionaldigital.com.br\/index.php?rest_route=%2Fwp%2Fv2%2Ftags&post=94525"}],"curies":[{"name":"wp","href":"https:\/\/api.w.org\/{rel}","templated":true}]}}