{"id":94514,"date":"2018-03-23T20:14:24","date_gmt":"2018-03-23T23:14:24","guid":{"rendered":"http:\/\/diarioregionaljf.com.br\/2018\/03\/23\/fernando-coelho-acredita-na-privatizacao-da-eletrobras-mesmo-apos-saida-da-pasta\/"},"modified":"2018-03-23T20:14:24","modified_gmt":"2018-03-23T23:14:24","slug":"fernando-coelho-acredita-na-privatizacao-da-eletrobras-mesmo-apos-saida-da-pasta","status":"publish","type":"post","link":"https:\/\/diarioregionaldigital.com.br\/?p=94514","title":{"rendered":"Fernando Coelho acredita na privatiza\u00e7\u00e3o da Eletrobras mesmo ap\u00f3s sa\u00edda da pasta"},"content":{"rendered":"<p>O ministro de Minas e Energia, Fernando Coelho Filho, disse que mesmo depois de sua sa\u00edda da pasta, em abril, ser\u00e1 poss\u00edvel a aprova\u00e7\u00e3o de uma regulamenta\u00e7\u00e3o no setor el\u00e9trico e a privatiza\u00e7\u00e3o da Eletrobras.<\/p>\n<p>\u201cA privatiza\u00e7\u00e3o vai ser boa para a Eletrobras, mas vai ser boa tamb\u00e9m para o setor el\u00e9trico e melhor ainda para o consumidor, que paga uma inefici\u00eancia que ele n\u00e3o faz ideia que existe dentro dessa nossa empresa\u201d, disse, ao participar da abertura do F\u00f3rum de Debates Moderniza\u00e7\u00e3o do Setor El\u00e9trico.<\/p>\n<p>Durante seu discurso para empres\u00e1rios do setor de energia, o ministro se despediu e agradeceu dizendo que desde seu ingresso na pasta trabalhou para aprimorar o setor. &#8220;O melhor que conseguimos fazer foi criar ambiente, que \u00e9 muito mais amistoso, sincero e pr\u00f3ximo do que n\u00f3s encontramos em maio de 2016. Mudou a forma de relacionamento, a forma do minist\u00e9rio [de Minas e Energia] poder se portar&#8221;.<\/p>\n<hr \/>\n<p>&nbsp;Fonte: Ag\u00eanica Brasil<\/p>\n","protected":false},"excerpt":{"rendered":"<p>O ministro de Minas e Energia, Fernando Coelho Filho, disse que mesmo depois de sua sa\u00edda da pasta, em abril, ser\u00e1 poss\u00edvel a aprova\u00e7\u00e3o de uma regulamenta\u00e7\u00e3o no setor el\u00e9trico e a privatiza\u00e7\u00e3o da Eletrobras. \u201cA privatiza\u00e7\u00e3o vai ser boa para a Eletrobras, mas vai ser boa tamb\u00e9m para o setor el\u00e9trico e melhor ainda [&hellip;]<\/p>\n","protected":false},"author":96,"featured_media":94513,"comment_status":"closed","ping_status":"closed","sticky":false,"template":"","format":"standard","meta":{"footnotes":""},"categories":[254],"tags":[],"class_list":["post-94514","post","type-post","status-publish","format-standard","has-post-thumbnail","hentry","category-politica"],"_links":{"self":[{"href":"https:\/\/diarioregionaldigital.com.br\/index.php?rest_route=\/wp\/v2\/posts\/94514","targetHints":{"allow":["GET"]}}],"collection":[{"href":"https:\/\/diarioregionaldigital.com.br\/index.php?rest_route=\/wp\/v2\/posts"}],"about":[{"href":"https:\/\/diarioregionaldigital.com.br\/index.php?rest_route=\/wp\/v2\/types\/post"}],"author":[{"embeddable":true,"href":"https:\/\/diarioregionaldigital.com.br\/index.php?rest_route=\/wp\/v2\/users\/96"}],"replies":[{"embeddable":true,"href":"https:\/\/diarioregionaldigital.com.br\/index.php?rest_route=%2Fwp%2Fv2%2Fcomments&post=94514"}],"version-history":[{"count":0,"href":"https:\/\/diarioregionaldigital.com.br\/index.php?rest_route=\/wp\/v2\/posts\/94514\/revisions"}],"wp:featuredmedia":[{"embeddable":true,"href":"https:\/\/diarioregionaldigital.com.br\/index.php?rest_route=\/wp\/v2\/media\/94513"}],"wp:attachment":[{"href":"https:\/\/diarioregionaldigital.com.br\/index.php?rest_route=%2Fwp%2Fv2%2Fmedia&parent=94514"}],"wp:term":[{"taxonomy":"category","embeddable":true,"href":"https:\/\/diarioregionaldigital.com.br\/index.php?rest_route=%2Fwp%2Fv2%2Fcategories&post=94514"},{"taxonomy":"post_tag","embeddable":true,"href":"https:\/\/diarioregionaldigital.com.br\/index.php?rest_route=%2Fwp%2Fv2%2Ftags&post=94514"}],"curies":[{"name":"wp","href":"https:\/\/api.w.org\/{rel}","templated":true}]}}