{"id":94512,"date":"2018-03-23T20:09:55","date_gmt":"2018-03-23T23:09:55","guid":{"rendered":"http:\/\/diarioregionaljf.com.br\/2018\/03\/23\/supremo-emite-salvo-conduto-para-evitar-eventual-prisao-de-lula-ate-4-de-abril\/"},"modified":"2018-03-23T20:09:55","modified_gmt":"2018-03-23T23:09:55","slug":"supremo-emite-salvo-conduto-para-evitar-eventual-prisao-de-lula-ate-4-de-abril","status":"publish","type":"post","link":"https:\/\/diarioregionaldigital.com.br\/?p=94512","title":{"rendered":"Supremo emite salvo-conduto para evitar eventual pris\u00e3o de Lula at\u00e9 4 de abril"},"content":{"rendered":"<p>O Supremo Tribunal Federal (STF) emitiu o salvo-conduto para evitar a eventual pris\u00e3o do ex-presidente Luiz In\u00e1cio Lula da Silva at\u00e9 o dia 4 de abril, quando a Corte voltar\u00e1 a julgar o pedido de habeas corpus feito pela defesa. A emiss\u00e3o do documento \u00e9 uma formalidade cumprida para efetivar a liminar concedida ao ex-presidente.<\/p>\n<p>O documento foi assinado pela presidente da Corte, ministra C\u00e1rmen L\u00facia, e foi enviado ao juiz S\u00e9rgio Moro, da 13\u00aa Vara Federal em Curitiba, e ao Tribunal Regional Federal da 4\u00aa Regi\u00e3o, sediado em Porto Alegre.&nbsp;O texto do salvo-conduto diz: &#8220;A ministra C\u00e1rmen L\u00facia, presidente, nos termos da decis\u00e3o proferida pelo Plen\u00e1rio do Supremo Tribunal Federal no processo em ep\u00edgrafe, concede salvo-conduto em favor de Luiz In\u00e1cio Lula da Silva, brasileiro, vi\u00favo, at\u00e9 o julgamento do habeas corpus em ep\u00edgrafe, nos termos da certid\u00e3o de julgamento da sess\u00e3o plen\u00e1ria realizada em 22 de mar\u00e7o de 2018&#8221;.<\/p>\n<p>Na sess\u00e3o da \u00faltima quinta-feira, 22, por maioria de votos, o plen\u00e1rio da Corte concedeu a liminar ao ex-presidente para impedir a pris\u00e3o dele at\u00e9 o julgamento do m\u00e9rito do habeas corpus preventivo. O fato ocorreu porque os ministros julgaram uma preliminar da a\u00e7\u00e3o, fato que tomou todo o tempo da sess\u00e3o.<\/p>\n<p>Essa decis\u00e3o do Supremo n\u00e3o impede o julgamento do \u00faltimo recurso de Lula no Tribunal Regional Federal da 4\u00aa Regi\u00e3o (TRF4), previsto para a pr\u00f3xima segunda-feira (26). \u00c9 o \u00faltimo recurso de Lula contra a condena\u00e7\u00e3o a 12 anos e um m\u00eas de pris\u00e3o na a\u00e7\u00e3o penal do triplex do Guaruj\u00e1 (SP), no \u00e2mbito da Opera\u00e7\u00e3o Lava Jato.<\/p>\n<p>Ap\u00f3s a an\u00e1lise do \u00faltimo recurso, a pris\u00e3o dele poderia ser determinada com base na decis\u00e3o do STF que autorizou, em 2016, a deten\u00e7\u00e3o de condenados pela segunda inst\u00e2ncia da Justi\u00e7a.<\/p>\n<hr \/>\n<p>&nbsp;Fonte: Ag\u00eancia Brasil<\/p>\n","protected":false},"excerpt":{"rendered":"<p>O Supremo Tribunal Federal (STF) emitiu o salvo-conduto para evitar a eventual pris\u00e3o do ex-presidente Luiz In\u00e1cio Lula da Silva at\u00e9 o dia 4 de abril, quando a Corte voltar\u00e1 a julgar o pedido de habeas corpus feito pela defesa. A emiss\u00e3o do documento \u00e9 uma formalidade cumprida para efetivar a liminar concedida ao ex-presidente. [&hellip;]<\/p>\n","protected":false},"author":96,"featured_media":94511,"comment_status":"closed","ping_status":"closed","sticky":false,"template":"","format":"standard","meta":{"footnotes":""},"categories":[254],"tags":[],"class_list":["post-94512","post","type-post","status-publish","format-standard","has-post-thumbnail","hentry","category-politica"],"_links":{"self":[{"href":"https:\/\/diarioregionaldigital.com.br\/index.php?rest_route=\/wp\/v2\/posts\/94512","targetHints":{"allow":["GET"]}}],"collection":[{"href":"https:\/\/diarioregionaldigital.com.br\/index.php?rest_route=\/wp\/v2\/posts"}],"about":[{"href":"https:\/\/diarioregionaldigital.com.br\/index.php?rest_route=\/wp\/v2\/types\/post"}],"author":[{"embeddable":true,"href":"https:\/\/diarioregionaldigital.com.br\/index.php?rest_route=\/wp\/v2\/users\/96"}],"replies":[{"embeddable":true,"href":"https:\/\/diarioregionaldigital.com.br\/index.php?rest_route=%2Fwp%2Fv2%2Fcomments&post=94512"}],"version-history":[{"count":0,"href":"https:\/\/diarioregionaldigital.com.br\/index.php?rest_route=\/wp\/v2\/posts\/94512\/revisions"}],"wp:featuredmedia":[{"embeddable":true,"href":"https:\/\/diarioregionaldigital.com.br\/index.php?rest_route=\/wp\/v2\/media\/94511"}],"wp:attachment":[{"href":"https:\/\/diarioregionaldigital.com.br\/index.php?rest_route=%2Fwp%2Fv2%2Fmedia&parent=94512"}],"wp:term":[{"taxonomy":"category","embeddable":true,"href":"https:\/\/diarioregionaldigital.com.br\/index.php?rest_route=%2Fwp%2Fv2%2Fcategories&post=94512"},{"taxonomy":"post_tag","embeddable":true,"href":"https:\/\/diarioregionaldigital.com.br\/index.php?rest_route=%2Fwp%2Fv2%2Ftags&post=94512"}],"curies":[{"name":"wp","href":"https:\/\/api.w.org\/{rel}","templated":true}]}}