{"id":94506,"date":"2018-03-23T19:27:55","date_gmt":"2018-03-23T22:27:55","guid":{"rendered":"http:\/\/diarioregionaljf.com.br\/2018\/03\/23\/projeto-que-obriga-a-instalacao-de-coletores-de-chorume-nos-caminhoes-de-lixo-avanca-na-camara\/"},"modified":"2018-03-23T19:27:55","modified_gmt":"2018-03-23T22:27:55","slug":"projeto-que-obriga-a-instalacao-de-coletores-de-chorume-nos-caminhoes-de-lixo-avanca-na-camara","status":"publish","type":"post","link":"https:\/\/diarioregionaldigital.com.br\/?p=94506","title":{"rendered":"Projeto que obriga a instala\u00e7\u00e3o de coletores de chorume nos caminh\u00f5es de lixo avan\u00e7a na C\u00e2mara"},"content":{"rendered":"<p>Foi aprovado em segunda discuss\u00e3o na noite desta quinta-feira, 22, projeto de lei do vereador Adriano Miranda (PHS) que determina a instala\u00e7\u00e3o de coletores de chorume nos ve\u00edculos que prestam o servi\u00e7o de coleta de lixo em Juiz de Fora. Os coletores dever\u00e3o ser equipados com uma v\u00e1lvula para a reten\u00e7\u00e3o do l\u00edquido durante a atividade.<\/p>\n<p>Na justificativa do projeto, o vereador afirma que, de acordo com a Organiza\u00e7\u00e3o Mundial de Sa\u00fade (OMS), \u201ca polui\u00e7\u00e3o causada por um litro de chorume equivale a de cem litros de esgoto dom\u00e9stico. O res\u00edduo impede o desenvolvimento da flora e da fauna do local onde \u00e9 despejado\u201d, argumenta Adriano Miranda (PHS).<\/p>\n<hr \/>\n<p>&nbsp;Fonte: Assessoria\/CMJF<\/p>\n","protected":false},"excerpt":{"rendered":"<p>Foi aprovado em segunda discuss\u00e3o na noite desta quinta-feira, 22, projeto de lei do vereador Adriano Miranda (PHS) que determina a instala\u00e7\u00e3o de coletores de chorume nos ve\u00edculos que prestam o servi\u00e7o de coleta de lixo em Juiz de Fora. Os coletores dever\u00e3o ser equipados com uma v\u00e1lvula para a reten\u00e7\u00e3o do l\u00edquido durante a [&hellip;]<\/p>\n","protected":false},"author":96,"featured_media":94505,"comment_status":"closed","ping_status":"closed","sticky":false,"template":"","format":"standard","meta":{"footnotes":""},"categories":[254],"tags":[],"class_list":["post-94506","post","type-post","status-publish","format-standard","has-post-thumbnail","hentry","category-politica"],"_links":{"self":[{"href":"https:\/\/diarioregionaldigital.com.br\/index.php?rest_route=\/wp\/v2\/posts\/94506","targetHints":{"allow":["GET"]}}],"collection":[{"href":"https:\/\/diarioregionaldigital.com.br\/index.php?rest_route=\/wp\/v2\/posts"}],"about":[{"href":"https:\/\/diarioregionaldigital.com.br\/index.php?rest_route=\/wp\/v2\/types\/post"}],"author":[{"embeddable":true,"href":"https:\/\/diarioregionaldigital.com.br\/index.php?rest_route=\/wp\/v2\/users\/96"}],"replies":[{"embeddable":true,"href":"https:\/\/diarioregionaldigital.com.br\/index.php?rest_route=%2Fwp%2Fv2%2Fcomments&post=94506"}],"version-history":[{"count":0,"href":"https:\/\/diarioregionaldigital.com.br\/index.php?rest_route=\/wp\/v2\/posts\/94506\/revisions"}],"wp:featuredmedia":[{"embeddable":true,"href":"https:\/\/diarioregionaldigital.com.br\/index.php?rest_route=\/wp\/v2\/media\/94505"}],"wp:attachment":[{"href":"https:\/\/diarioregionaldigital.com.br\/index.php?rest_route=%2Fwp%2Fv2%2Fmedia&parent=94506"}],"wp:term":[{"taxonomy":"category","embeddable":true,"href":"https:\/\/diarioregionaldigital.com.br\/index.php?rest_route=%2Fwp%2Fv2%2Fcategories&post=94506"},{"taxonomy":"post_tag","embeddable":true,"href":"https:\/\/diarioregionaldigital.com.br\/index.php?rest_route=%2Fwp%2Fv2%2Ftags&post=94506"}],"curies":[{"name":"wp","href":"https:\/\/api.w.org\/{rel}","templated":true}]}}