{"id":94504,"date":"2018-03-23T19:23:18","date_gmt":"2018-03-23T22:23:18","guid":{"rendered":"http:\/\/diarioregionaljf.com.br\/2018\/03\/23\/servidores-da-amac-ocupam-o-plenario-em-busca-de-apoio\/"},"modified":"2018-03-23T19:23:18","modified_gmt":"2018-03-23T22:23:18","slug":"servidores-da-amac-ocupam-o-plenario-em-busca-de-apoio","status":"publish","type":"post","link":"https:\/\/diarioregionaldigital.com.br\/?p=94504","title":{"rendered":"Servidores da Amac ocupam o plen\u00e1rio em busca de apoio"},"content":{"rendered":"<p>Na manh\u00e3 desta sexta-feira, 23, durante a 7\u00aa reuni\u00e3o ordin\u00e1ria do 3\u00ba per\u00edodo legislativo, o plen\u00e1rio da C\u00e2mara Municipal foi ocupado por servidores da Associa\u00e7\u00e3o Municipal de Apoio Comunit\u00e1rio (Amac) e por representantes do Sindicato dos Servidores P\u00fablicos de Juiz de Fora (Sinserpu-JF).<\/p>\n<p>A presen\u00e7a dos servidores e dos representantes do sindicato na C\u00e2mara Municipal nesta manh\u00e3 teve como objetivo pedir o aux\u00edlio dos vereadores junto ao Executivo \u00e0s suas reivindica\u00e7\u00f5es. Para expor os anseios dos servidores, durante a reuni\u00e3o foi concedida a palavra ao presidente do Sinserou-JF, Amarildo Romanazzi, que apresentou as reivindica\u00e7\u00f5es dos servidores.<\/p>\n<p>De acordo com Amarildo, as reivindica\u00e7\u00f5es s\u00e3o contra a defasagem inflacion\u00e1ria dos sal\u00e1rios e os constantes atrasos nos benef\u00edcios, como vale-alimenta\u00e7\u00e3o e vale-transporte. Segundo ele, a situa\u00e7\u00e3o persiste uma vez que a Prefeitura n\u00e3o teria autorizado a reposi\u00e7\u00e3o dos vencimentos pelo IPCA do ano passado, conquistado por toda a base do sindicato. Outra pauta tratada em sua fala foi em rela\u00e7\u00e3o a luta pela manuten\u00e7\u00e3o da assist\u00eancia social realizada pela Amac e pelas entidades locais, com o intuito de impedir que esse trabalho seja transferido para organiza\u00e7\u00f5es de fora da cidade.<\/p>\n<p>Ap\u00f3s a manifesta\u00e7\u00e3o do presidente do Sinserpu-JF, o presidente da C\u00e2mara, Rodrigo Mattos (PSDB) recebeu as lideran\u00e7as do sindicato e acertou a realiza\u00e7\u00e3o de uma audi\u00eancia p\u00fablica para o dia 17 de abril com o intuito de discutir os reajustes salariais e o chamamento p\u00fablico das entidades sociais. Al\u00e9m da marca\u00e7\u00e3o desta audi\u00eancia, ficou definida a cria\u00e7\u00e3o de uma comiss\u00e3o para acompanhar e auxiliar as negocia\u00e7\u00f5es entre o Sindicato e o Executivo. Esta comiss\u00e3o ser\u00e1 composta pelos vereadores Roberto Cupolillo (Bet\u00e3o, PT), Sargento Mello (Casal, PTB) e Marlon Siqueira (MDB).<\/p>\n<hr \/>\n<p>&nbsp;Fonte: Assessoria\/CMJF<\/p>\n","protected":false},"excerpt":{"rendered":"<p>Na manh\u00e3 desta sexta-feira, 23, durante a 7\u00aa reuni\u00e3o ordin\u00e1ria do 3\u00ba per\u00edodo legislativo, o plen\u00e1rio da C\u00e2mara Municipal foi ocupado por servidores da Associa\u00e7\u00e3o Municipal de Apoio Comunit\u00e1rio (Amac) e por representantes do Sindicato dos Servidores P\u00fablicos de Juiz de Fora (Sinserpu-JF). A presen\u00e7a dos servidores e dos representantes do sindicato na C\u00e2mara Municipal [&hellip;]<\/p>\n","protected":false},"author":96,"featured_media":94503,"comment_status":"closed","ping_status":"closed","sticky":false,"template":"","format":"standard","meta":{"footnotes":""},"categories":[254],"tags":[],"class_list":["post-94504","post","type-post","status-publish","format-standard","has-post-thumbnail","hentry","category-politica"],"_links":{"self":[{"href":"https:\/\/diarioregionaldigital.com.br\/index.php?rest_route=\/wp\/v2\/posts\/94504","targetHints":{"allow":["GET"]}}],"collection":[{"href":"https:\/\/diarioregionaldigital.com.br\/index.php?rest_route=\/wp\/v2\/posts"}],"about":[{"href":"https:\/\/diarioregionaldigital.com.br\/index.php?rest_route=\/wp\/v2\/types\/post"}],"author":[{"embeddable":true,"href":"https:\/\/diarioregionaldigital.com.br\/index.php?rest_route=\/wp\/v2\/users\/96"}],"replies":[{"embeddable":true,"href":"https:\/\/diarioregionaldigital.com.br\/index.php?rest_route=%2Fwp%2Fv2%2Fcomments&post=94504"}],"version-history":[{"count":0,"href":"https:\/\/diarioregionaldigital.com.br\/index.php?rest_route=\/wp\/v2\/posts\/94504\/revisions"}],"wp:featuredmedia":[{"embeddable":true,"href":"https:\/\/diarioregionaldigital.com.br\/index.php?rest_route=\/wp\/v2\/media\/94503"}],"wp:attachment":[{"href":"https:\/\/diarioregionaldigital.com.br\/index.php?rest_route=%2Fwp%2Fv2%2Fmedia&parent=94504"}],"wp:term":[{"taxonomy":"category","embeddable":true,"href":"https:\/\/diarioregionaldigital.com.br\/index.php?rest_route=%2Fwp%2Fv2%2Fcategories&post=94504"},{"taxonomy":"post_tag","embeddable":true,"href":"https:\/\/diarioregionaldigital.com.br\/index.php?rest_route=%2Fwp%2Fv2%2Ftags&post=94504"}],"curies":[{"name":"wp","href":"https:\/\/api.w.org\/{rel}","templated":true}]}}