{"id":94500,"date":"2018-03-23T19:14:08","date_gmt":"2018-03-23T22:14:08","guid":{"rendered":"http:\/\/diarioregionaljf.com.br\/2018\/03\/23\/pcmg-cumpre-mandado-de-busca-e-apreensao-em-muriae\/"},"modified":"2018-03-23T19:14:08","modified_gmt":"2018-03-23T22:14:08","slug":"pcmg-cumpre-mandado-de-busca-e-apreensao-em-muriae","status":"publish","type":"post","link":"https:\/\/diarioregionaldigital.com.br\/?p=94500","title":{"rendered":"PCMG cumpre mandado de busca e apreens\u00e3o em Muria\u00e9"},"content":{"rendered":"<p>Nessa quinta-feira, 22, ap\u00f3s investiga\u00e7\u00f5es, a Pol\u00edcia Civil de Minas Gerais cumpriu, em Muria\u00e9, mandado de busca e apreens\u00e3o na resid\u00eancia de dois homens com a finalidade de apreender celulares e quaisquer outras formas de armazenamento de dados e imagens. Os suspeitos est\u00e3o sendo investigados em raz\u00e3o de amea\u00e7as que estariam sendo feitas \u00e0 ex-companheira de um deles. As apura\u00e7\u00f5es apontam que eles estariam com imagens em que a v\u00edtima aparece nua e as amea\u00e7as consistiam em publicar nas redes sociais tais fotos.<\/p>\n<p>Durante a a\u00e7\u00e3o, foi apreendido dois notebooks com carregador, tr\u00eas HDs internos, dois HDs externos, dois pen drives, um aparelho mp3, 25 DVDs, quatro aparelhos celulares e um CPU de computador.<\/p>\n<p>As investiga\u00e7\u00f5es seguem em andamento.<\/p>\n<hr \/>\n<p>&nbsp;Fonte: Assessoria PCMG<\/p>\n","protected":false},"excerpt":{"rendered":"<p>Nessa quinta-feira, 22, ap\u00f3s investiga\u00e7\u00f5es, a Pol\u00edcia Civil de Minas Gerais cumpriu, em Muria\u00e9, mandado de busca e apreens\u00e3o na resid\u00eancia de dois homens com a finalidade de apreender celulares e quaisquer outras formas de armazenamento de dados e imagens. Os suspeitos est\u00e3o sendo investigados em raz\u00e3o de amea\u00e7as que estariam sendo feitas \u00e0 ex-companheira [&hellip;]<\/p>\n","protected":false},"author":96,"featured_media":94499,"comment_status":"closed","ping_status":"closed","sticky":false,"template":"","format":"standard","meta":{"footnotes":""},"categories":[252],"tags":[],"class_list":["post-94500","post","type-post","status-publish","format-standard","has-post-thumbnail","hentry","category-regiao"],"_links":{"self":[{"href":"https:\/\/diarioregionaldigital.com.br\/index.php?rest_route=\/wp\/v2\/posts\/94500","targetHints":{"allow":["GET"]}}],"collection":[{"href":"https:\/\/diarioregionaldigital.com.br\/index.php?rest_route=\/wp\/v2\/posts"}],"about":[{"href":"https:\/\/diarioregionaldigital.com.br\/index.php?rest_route=\/wp\/v2\/types\/post"}],"author":[{"embeddable":true,"href":"https:\/\/diarioregionaldigital.com.br\/index.php?rest_route=\/wp\/v2\/users\/96"}],"replies":[{"embeddable":true,"href":"https:\/\/diarioregionaldigital.com.br\/index.php?rest_route=%2Fwp%2Fv2%2Fcomments&post=94500"}],"version-history":[{"count":0,"href":"https:\/\/diarioregionaldigital.com.br\/index.php?rest_route=\/wp\/v2\/posts\/94500\/revisions"}],"wp:featuredmedia":[{"embeddable":true,"href":"https:\/\/diarioregionaldigital.com.br\/index.php?rest_route=\/wp\/v2\/media\/94499"}],"wp:attachment":[{"href":"https:\/\/diarioregionaldigital.com.br\/index.php?rest_route=%2Fwp%2Fv2%2Fmedia&parent=94500"}],"wp:term":[{"taxonomy":"category","embeddable":true,"href":"https:\/\/diarioregionaldigital.com.br\/index.php?rest_route=%2Fwp%2Fv2%2Fcategories&post=94500"},{"taxonomy":"post_tag","embeddable":true,"href":"https:\/\/diarioregionaldigital.com.br\/index.php?rest_route=%2Fwp%2Fv2%2Ftags&post=94500"}],"curies":[{"name":"wp","href":"https:\/\/api.w.org\/{rel}","templated":true}]}}