{"id":94496,"date":"2018-03-23T18:59:53","date_gmt":"2018-03-23T21:59:53","guid":{"rendered":"http:\/\/diarioregionaljf.com.br\/2018\/03\/23\/enem-2018-amplia-prazo-para-prova-de-exatas-e-traz-outras-novidades\/"},"modified":"2018-03-23T18:59:53","modified_gmt":"2018-03-23T21:59:53","slug":"enem-2018-amplia-prazo-para-prova-de-exatas-e-traz-outras-novidades","status":"publish","type":"post","link":"https:\/\/diarioregionaldigital.com.br\/?p=94496","title":{"rendered":"Enem 2018 amplia prazo para prova de Exatas e traz outras novidades"},"content":{"rendered":"<p>Na \u00faltima quarta-feira, 21, o Di\u00e1rio Oficial da Uni\u00e3o (DOU) publicou o edital do Enem 2018, que conta com algumas novidades em rela\u00e7\u00e3o ao \u00faltimo ano, como a amplia\u00e7\u00e3o da dura\u00e7\u00e3o para a prova do segundo dia na \u00e1rea de Exatas, de Matem\u00e1tica e Ci\u00eancias da Natureza (Qu\u00edmica, F\u00edsica e Biologia).<\/p>\n<p>Os candidatos ter\u00e3o agora 5 horas para responder \u00e0s quest\u00f5es, 30 minutos a mais que em 2017. J\u00e1 para o primeiro dia, os candidatos continuar\u00e3o tendo cinco horas e meia. A prova envolve quest\u00f5es de Linguagens e Ci\u00eancias Humanas, al\u00e9m de reda\u00e7\u00e3o. O Exame est\u00e1 marcado para os dias 4 e 11 de novembro<\/p>\n<p>Outra mudan\u00e7a importante foi com rela\u00e7\u00e3o aos crit\u00e9rios de isen\u00e7\u00e3o. Candidatos isentos no Enem 2017 que faltaram aos dois dias de prova e n\u00e3o apresentaram justificativa, ou cuja justificativa foi reprovada ap\u00f3s recurso, dever\u00e3o pagar taxa de inscri\u00e7\u00e3o se quiserem fazer o exame em 2018. O valor \u00e9 de R$82, o mesmo do ano passado.<\/p>\n<p>Al\u00e9m disso, o pedido de isen\u00e7\u00e3o, neste ano, acontece entre os dias 2 e 11 de abril, isto \u00e9, antes do per\u00edodo de inscri\u00e7\u00e3o, de 7 a 18 de maio. Todos os candidatos devem se inscrever para o exame no m\u00eas de maio, inclusive aqueles que tiverem seus pedidos de isen\u00e7\u00e3o contemplados. As altera\u00e7\u00f5es com rela\u00e7\u00e3o \u00e0 isen\u00e7\u00e3o da taxa do exame foram justificadas pelo \u00edndice de absten\u00e7\u00e3o de 32% no Enem 2017, o maior dos \u00faltimos sete anos, provocando desperd\u00edcio de recursos p\u00fablicos.<\/p>\n<p>Confira aqui os dados completos sobre o edital do <a href=\"http:\/\/portal.mec.gov.br\/index.php?option=com_docman&amp;view=download&amp;alias=84691-21-3-2018-apresentacao-enem-2018&amp;category_slug=marco-2018-pdf&amp;Itemid=30192\">ENEM 2018<\/a>.<\/p>\n<h4>Cronograma Enem 2018:<\/h4>\n<h4>2 a 11 de abril \u2013 Solicita\u00e7\u00e3o de isen\u00e7\u00e3o da taxa de inscri\u00e7\u00e3o<br \/>7 a 18 de maio \u2013 Inscri\u00e7\u00f5es<br \/>7 a 23 de maio \u2013 Pagamento da taxa de inscri\u00e7\u00e3o<br \/>28 de maio a 3 de junho \u2013 Solicita\u00e7\u00e3o de atendimento pelo nome social<br \/>4 de novembro e 11 de novembro \u2013 Aplica\u00e7\u00e3o das provas<\/h4>\n<hr \/>\n<p>&nbsp;Fonte: UFJF<\/p>\n","protected":false},"excerpt":{"rendered":"<p>Na \u00faltima quarta-feira, 21, o Di\u00e1rio Oficial da Uni\u00e3o (DOU) publicou o edital do Enem 2018, que conta com algumas novidades em rela\u00e7\u00e3o ao \u00faltimo ano, como a amplia\u00e7\u00e3o da dura\u00e7\u00e3o para a prova do segundo dia na \u00e1rea de Exatas, de Matem\u00e1tica e Ci\u00eancias da Natureza (Qu\u00edmica, F\u00edsica e Biologia). Os candidatos ter\u00e3o agora [&hellip;]<\/p>\n","protected":false},"author":96,"featured_media":94495,"comment_status":"closed","ping_status":"closed","sticky":false,"template":"","format":"standard","meta":{"footnotes":""},"categories":[302],"tags":[],"class_list":["post-94496","post","type-post","status-publish","format-standard","has-post-thumbnail","hentry","category-brasil-mundo"],"_links":{"self":[{"href":"https:\/\/diarioregionaldigital.com.br\/index.php?rest_route=\/wp\/v2\/posts\/94496","targetHints":{"allow":["GET"]}}],"collection":[{"href":"https:\/\/diarioregionaldigital.com.br\/index.php?rest_route=\/wp\/v2\/posts"}],"about":[{"href":"https:\/\/diarioregionaldigital.com.br\/index.php?rest_route=\/wp\/v2\/types\/post"}],"author":[{"embeddable":true,"href":"https:\/\/diarioregionaldigital.com.br\/index.php?rest_route=\/wp\/v2\/users\/96"}],"replies":[{"embeddable":true,"href":"https:\/\/diarioregionaldigital.com.br\/index.php?rest_route=%2Fwp%2Fv2%2Fcomments&post=94496"}],"version-history":[{"count":0,"href":"https:\/\/diarioregionaldigital.com.br\/index.php?rest_route=\/wp\/v2\/posts\/94496\/revisions"}],"wp:featuredmedia":[{"embeddable":true,"href":"https:\/\/diarioregionaldigital.com.br\/index.php?rest_route=\/wp\/v2\/media\/94495"}],"wp:attachment":[{"href":"https:\/\/diarioregionaldigital.com.br\/index.php?rest_route=%2Fwp%2Fv2%2Fmedia&parent=94496"}],"wp:term":[{"taxonomy":"category","embeddable":true,"href":"https:\/\/diarioregionaldigital.com.br\/index.php?rest_route=%2Fwp%2Fv2%2Fcategories&post=94496"},{"taxonomy":"post_tag","embeddable":true,"href":"https:\/\/diarioregionaldigital.com.br\/index.php?rest_route=%2Fwp%2Fv2%2Ftags&post=94496"}],"curies":[{"name":"wp","href":"https:\/\/api.w.org\/{rel}","templated":true}]}}