{"id":94494,"date":"2018-03-23T18:52:05","date_gmt":"2018-03-23T21:52:05","guid":{"rendered":"http:\/\/diarioregionaljf.com.br\/2018\/03\/23\/estudo-analisa-relacoes-em-familias-com-filhos-que-possuem-sindrome-de-down\/"},"modified":"2018-03-23T18:52:05","modified_gmt":"2018-03-23T21:52:05","slug":"estudo-analisa-relacoes-em-familias-com-filhos-que-possuem-sindrome-de-down","status":"publish","type":"post","link":"https:\/\/diarioregionaldigital.com.br\/?p=94494","title":{"rendered":"Estudo analisa rela\u00e7\u00f5es em fam\u00edlias com filhos que possuem S\u00edndrome de Down"},"content":{"rendered":"<p>A escassez de pesquisas que fazem associa\u00e7\u00e3o entre a qualidade das rela\u00e7\u00f5es conjugais e fraternais em fam\u00edlias que possuem filhos com S\u00edndrome de Down foi uma das motiva\u00e7\u00f5es para a acad\u00eamica Bruna Rocha de Almeida desenvolver sua tese de doutorado. Os resultados do estudo foram apresentados no Programa de P\u00f3s-Gradua\u00e7\u00e3o em Psicologia, da Universidade Federal de Juiz de Fora (UFJF).<\/p>\n<p>Bruna conta que seu interesse pelo tema surgiu quando notou a falta de uma pesquisa aprofundada acerca dos subsistemas conjugal e fraternal de fam\u00edlias com filhos portadores do dist\u00farbio. \u201cTendo em vista que fam\u00edlias com filhos com s\u00edndrome de Down apresentam particularidades, como o papel diretivo dos genitores e irm\u00e3os nos epis\u00f3dios interativos, s\u00e3o necess\u00e1rios estudos com essa popula\u00e7\u00e3o espec\u00edfica, direcionados para melhor compreens\u00e3o das associa\u00e7\u00f5es entre os seus diferentes subsistemas.\u201d<\/p>\n<p>A acad\u00eamica fez uma coleta de dados, realizada na resid\u00eancia dos participantes, em hor\u00e1rios e datas combinados com as fam\u00edlias. Al\u00e9m disso, realizou pesquisa bibliogr\u00e1fica a fim de complementar seu estudo.<\/p>\n<p>Ap\u00f3s o t\u00e9rmino da pesquisa, Bruna chegou \u00e0 conclus\u00e3o de que as rela\u00e7\u00f5es conjugais e fraternais dos pais s\u00e3o caracterizadas como amistosas e ajustadas, com bons n\u00edveis de consenso, coes\u00e3o, satisfa\u00e7\u00e3o e express\u00e3o de afeto. \u201cAs intera\u00e7\u00f5es s\u00e3o caracterizadas por proximidade e um clima amig\u00e1vel entre o casal, que interage de forma igualit\u00e1ria, reconhecendo e valorizando os argumentos um do outro. Al\u00e9m disso, possuem uma afetuosidade, proximidade e companheirismo, com baixos n\u00edveis de conflitos e rivalidade.\u201d A rela\u00e7\u00e3o entre os irm\u00e3os tamb\u00e9m se mostra positiva em rela\u00e7\u00e3o \u00e0 amorosidade e proximidade.<\/p>\n<p>A professora orientadora Nara Liana Pereira afirma que a tese assume import\u00e2ncia acad\u00eamica fundamental por ser a primeira a tratar desse tema com foco nos subsistemas conjugal e fraternal. Al\u00e9m disso, explica que o trabalho assume grande import\u00e2ncia por servir de indicador indireto para mudan\u00e7as pr\u00e1ticas: \u201cA ajuda n\u00e3o \u00e9 direta: a pesquisa tem resultados que servem de subs\u00eddios para programas de interven\u00e7\u00e3o.\u201d<\/p>\n<hr \/>\n<p>&nbsp;Fonte: UFJF<\/p>\n","protected":false},"excerpt":{"rendered":"<p>A escassez de pesquisas que fazem associa\u00e7\u00e3o entre a qualidade das rela\u00e7\u00f5es conjugais e fraternais em fam\u00edlias que possuem filhos com S\u00edndrome de Down foi uma das motiva\u00e7\u00f5es para a acad\u00eamica Bruna Rocha de Almeida desenvolver sua tese de doutorado. Os resultados do estudo foram apresentados no Programa de P\u00f3s-Gradua\u00e7\u00e3o em Psicologia, da Universidade Federal [&hellip;]<\/p>\n","protected":false},"author":96,"featured_media":94493,"comment_status":"closed","ping_status":"closed","sticky":false,"template":"","format":"standard","meta":{"footnotes":""},"categories":[253],"tags":[],"class_list":["post-94494","post","type-post","status-publish","format-standard","has-post-thumbnail","hentry","category-cidade"],"_links":{"self":[{"href":"https:\/\/diarioregionaldigital.com.br\/index.php?rest_route=\/wp\/v2\/posts\/94494","targetHints":{"allow":["GET"]}}],"collection":[{"href":"https:\/\/diarioregionaldigital.com.br\/index.php?rest_route=\/wp\/v2\/posts"}],"about":[{"href":"https:\/\/diarioregionaldigital.com.br\/index.php?rest_route=\/wp\/v2\/types\/post"}],"author":[{"embeddable":true,"href":"https:\/\/diarioregionaldigital.com.br\/index.php?rest_route=\/wp\/v2\/users\/96"}],"replies":[{"embeddable":true,"href":"https:\/\/diarioregionaldigital.com.br\/index.php?rest_route=%2Fwp%2Fv2%2Fcomments&post=94494"}],"version-history":[{"count":0,"href":"https:\/\/diarioregionaldigital.com.br\/index.php?rest_route=\/wp\/v2\/posts\/94494\/revisions"}],"wp:featuredmedia":[{"embeddable":true,"href":"https:\/\/diarioregionaldigital.com.br\/index.php?rest_route=\/wp\/v2\/media\/94493"}],"wp:attachment":[{"href":"https:\/\/diarioregionaldigital.com.br\/index.php?rest_route=%2Fwp%2Fv2%2Fmedia&parent=94494"}],"wp:term":[{"taxonomy":"category","embeddable":true,"href":"https:\/\/diarioregionaldigital.com.br\/index.php?rest_route=%2Fwp%2Fv2%2Fcategories&post=94494"},{"taxonomy":"post_tag","embeddable":true,"href":"https:\/\/diarioregionaldigital.com.br\/index.php?rest_route=%2Fwp%2Fv2%2Ftags&post=94494"}],"curies":[{"name":"wp","href":"https:\/\/api.w.org\/{rel}","templated":true}]}}