{"id":94490,"date":"2018-03-23T18:33:54","date_gmt":"2018-03-23T21:33:54","guid":{"rendered":"http:\/\/diarioregionaljf.com.br\/2018\/03\/23\/empresarios-mineiros-lancam-chapa-pela-renovacao-do-sistema-fecomercio\/"},"modified":"2018-03-23T18:33:54","modified_gmt":"2018-03-23T21:33:54","slug":"empresarios-mineiros-lancam-chapa-pela-renovacao-do-sistema-fecomercio","status":"publish","type":"post","link":"https:\/\/diarioregionaldigital.com.br\/?p=94490","title":{"rendered":"Empres\u00e1rios mineiros lan\u00e7am chapa pela renova\u00e7\u00e3o do Sistema Fecom\u00e9rcio"},"content":{"rendered":"<p>A Federa\u00e7\u00e3o do Com\u00e9rcio de Bens, Servi\u00e7os e Turismo do Estado de Minas Gerais (Fecom\u00e9rcio-MG), entidade de representa\u00e7\u00e3o e defesa do com\u00e9rcio no Estado, ter\u00e1 uma disputa acirrada nas pr\u00f3ximas elei\u00e7\u00f5es. Pela primeira vez em quase 80 anos de hist\u00f3ria, haver\u00e1 uma chapa de oposi\u00e7\u00e3o para a presid\u00eancia da entidade: a Renova. O lan\u00e7amento ocorreu nessa quinta-feira, 22, no Autom\u00f3vel Clube de Belo Horizonte e contou com a presen\u00e7a de v\u00e1rios empres\u00e1rios do setor de todo o Estado.<\/p>\n<p>O presidente do Sindicato do Com\u00e9rcio de Juiz de Fora, Emerson Beloti, \u00e9 o nome da chapa para ocupar a vice-presid\u00eancia da federa\u00e7\u00e3o. A vota\u00e7\u00e3o est\u00e1 marcada para 16 de maio.<\/p>\n<p>A chapa Renova nasceu da uni\u00e3o de comerciantes de todas as regi\u00f5es do Estado em torno de um projeto de mudan\u00e7a n\u00e3o s\u00f3 das pessoas, mas tamb\u00e9m do modelo de gest\u00e3o da Fecom\u00e9rcio MG.<\/p>\n<p>A insatisfa\u00e7\u00e3o com a atual gest\u00e3o surge inicialmente pelo descumprimento de compromissos de campanha da elei\u00e7\u00e3o de 2010, entre eles o da limita\u00e7\u00e3o de mandatos a apenas uma reelei\u00e7\u00e3o. De l\u00e1 para c\u00e1, o sentimento de mudan\u00e7a foi ganhando corpo entre empres\u00e1rios e seus sindicatos de todo o Estado, resultando, agora, na chapa Renova, um grupo coeso de mais de 70 integrantes, unidos em prol da renova\u00e7\u00e3o e do resgate do Sistema Fecom\u00e9rcio Minas, SESC e SENAC, para cumprir seu papel de defesa da categoria econ\u00f4mica e do desenvolvimento econ\u00f4mico e social.<\/p>\n<p>\u201cSomos contra o terceiro mandato. Temos que ter altern\u00e2ncia do poder, pois quem fica muito tempo n\u00e3o se preocupa em deixar um legado. Defendemos mandato de quatro anos, com direito a apenas uma reelei\u00e7\u00e3o por outros quatro. Temos que reestruturar e modernizar a federa\u00e7\u00e3o e fazer, por meio do SESC e do SENAC, que a Fecom\u00e9rcio seja orgulho dos empres\u00e1rios mineiros\u201d, destaca Emerson Beloti.<\/p>\n<p>O empres\u00e1rio Nadim Donato, presidente do Sindilojas-BH, \u00e9 o candidato \u00e0 presid\u00eancia e defende a reformula\u00e7\u00e3o da atua\u00e7\u00e3o da Fecom\u00e9rcio em Minas. \u201cA chapa Renova traduz o momento em que o pa\u00eds est\u00e1 vivendo, de necessidade de mudan\u00e7as e de renova\u00e7\u00e3o. Ela foi constru\u00edda com o passar dos anos, em que fomos vendo as coisas acontecerem de forma errada na Fecom\u00e9rcio. A ideia da chapa Renova \u00e9 reformular a federa\u00e7\u00e3o e fazer com que ela desenvolva todos os sindicatos, principalmente os do interior, para que eles se tornem cada vez mais fortes, alavancando o setor\u201d, diz Donato, candidato \u00e0 presid\u00eancia da Fecom\u00e9rcio.<\/p>\n<p>A chapa Renova tem como principal proposta o fortalecimento do Sistema Fecom\u00e9rcio em Minas, com a racionaliza\u00e7\u00e3o do uso dos seus recursos, inclusive dos seus bra\u00e7os sociais, o SESC e o SENAC, com a amplia\u00e7\u00e3o da presen\u00e7a institucional e do apoio \u00e0 categoria econ\u00f4mica em todo o Estado mineiro. O grupo visa, tamb\u00e9m, o fortalecimento dos sindicatos patronais do com\u00e9rcio de bens, servi\u00e7os e turismo, a fim de que a entidade seja mais respeitada e verdadeiramente ouvida, com base em argumenta\u00e7\u00f5es t\u00e9cnicas competentes, com atua\u00e7\u00e3o transparente e participativa.<\/p>\n<p>Os empres\u00e1rios do grupo entendem que sindicatos fortes constituem caminho para uma Federa\u00e7\u00e3o tamb\u00e9m forte, capaz de influenciar pol\u00edticas p\u00fablicas que fomentem o com\u00e9rcio em cada regi\u00e3o.<\/p>\n<p>\u201cPara fazer essa mudan\u00e7a, essa chapa \u00e9 formada por l\u00edderes atuantes no setor no interior junto com representantes da capital mineira. Um dos motivos do surgimento dessa chapa Renova foi o argumento que n\u00f3s precisamos mudar a situa\u00e7\u00e3o da federa\u00e7\u00e3o, e sabemos que apoiando o presidente atual dificilmente esse movimento vai acontecer\u201d, ressalta Emerson Beloti.<\/p>\n<h4>Democracia<\/h4>\n<p>Outro ponto importante proposto pelo grupo \u00e9 a altera\u00e7\u00e3o no estatuto da Fecom\u00e9rcio, permitindo que o presidente seja reeleito apenas uma vez. Ap\u00f3s ficar cerca de 30 anos com o mesmo presidente, a Fecom\u00e9rcio ter\u00e1 a atual gest\u00e3o, iniciada em 2010, tentando em 2018 um terceiro mandato consecutivo, o que contraria a promessa feita h\u00e1 oito anos. Para Emerson Beloti, a manuten\u00e7\u00e3o de uma mesma gest\u00e3o por per\u00edodo prolongado no comando da federa\u00e7\u00e3o, sem alternativas, \u00e9 antidemocr\u00e1tico, n\u00e3o oxigena a institui\u00e7\u00e3o e prejudica \u00e0 entidade.<\/p>\n<h4>Crescimento<\/h4>\n<p>A Renova espera que todo esse movimento de reformula\u00e7\u00e3o na gest\u00e3o da Fecom\u00e9rcio resulte em mais sindicatos filiados. Para se ter uma ideia de como a federa\u00e7\u00e3o est\u00e1 parada no tempo, a entidade contou, por quase 30 anos, com apenas vinte e nove filiados em todo o estado, que possui 853 munic\u00edpios, 120 deles com mais de 30 mil habitantes. Pressionada por meio de forte campanha de integrantes da chapa Renova, a Fecom\u00e9rcio promoveu a filia\u00e7\u00e3o de onze novos sindicatos, totalizando os atuais quarenta afiliados, for\u00e7ando, assim, o in\u00edcio de uma abertura democr\u00e1tica na entidade.<\/p>\n<p>Al\u00e9m de Juiz de Fora, sindicatos de Cataguases, Ponte Nova, Santos Dumont, Manhua\u00e7u e Vi\u00e7osa, na Zona da Mata, tamb\u00e9m t\u00eam direito a um voto cada na elei\u00e7\u00e3o.<\/p>\n<p>A chapa Renova conta com importantes empres\u00e1rios do com\u00e9rcio mineiro, entre eles nomes conhecidos em todo o Estado, dentre presidentes e demais dirigentes de sindicatos patronais. Esses l\u00edderes est\u00e3o confiantes na vit\u00f3ria, por entenderem que \u00e9 necess\u00e1rio mudar a trajet\u00f3ria temer\u00e1ria em que se encontra o Sistema Fecom\u00e9rcio Minas, modificando seu modelo de atua\u00e7\u00e3o, para permitir que se cumpra, com transpar\u00eancia e efetivamente, seu papel de representa\u00e7\u00e3o.<\/p>\n<hr \/>\n<p>&nbsp;Fonte: Assessoria<\/p>\n","protected":false},"excerpt":{"rendered":"<p>A Federa\u00e7\u00e3o do Com\u00e9rcio de Bens, Servi\u00e7os e Turismo do Estado de Minas Gerais (Fecom\u00e9rcio-MG), entidade de representa\u00e7\u00e3o e defesa do com\u00e9rcio no Estado, ter\u00e1 uma disputa acirrada nas pr\u00f3ximas elei\u00e7\u00f5es. Pela primeira vez em quase 80 anos de hist\u00f3ria, haver\u00e1 uma chapa de oposi\u00e7\u00e3o para a presid\u00eancia da entidade: a Renova. O lan\u00e7amento ocorreu [&hellip;]<\/p>\n","protected":false},"author":96,"featured_media":94489,"comment_status":"closed","ping_status":"closed","sticky":false,"template":"","format":"standard","meta":{"footnotes":""},"categories":[253],"tags":[],"class_list":["post-94490","post","type-post","status-publish","format-standard","has-post-thumbnail","hentry","category-cidade"],"_links":{"self":[{"href":"https:\/\/diarioregionaldigital.com.br\/index.php?rest_route=\/wp\/v2\/posts\/94490","targetHints":{"allow":["GET"]}}],"collection":[{"href":"https:\/\/diarioregionaldigital.com.br\/index.php?rest_route=\/wp\/v2\/posts"}],"about":[{"href":"https:\/\/diarioregionaldigital.com.br\/index.php?rest_route=\/wp\/v2\/types\/post"}],"author":[{"embeddable":true,"href":"https:\/\/diarioregionaldigital.com.br\/index.php?rest_route=\/wp\/v2\/users\/96"}],"replies":[{"embeddable":true,"href":"https:\/\/diarioregionaldigital.com.br\/index.php?rest_route=%2Fwp%2Fv2%2Fcomments&post=94490"}],"version-history":[{"count":0,"href":"https:\/\/diarioregionaldigital.com.br\/index.php?rest_route=\/wp\/v2\/posts\/94490\/revisions"}],"wp:featuredmedia":[{"embeddable":true,"href":"https:\/\/diarioregionaldigital.com.br\/index.php?rest_route=\/wp\/v2\/media\/94489"}],"wp:attachment":[{"href":"https:\/\/diarioregionaldigital.com.br\/index.php?rest_route=%2Fwp%2Fv2%2Fmedia&parent=94490"}],"wp:term":[{"taxonomy":"category","embeddable":true,"href":"https:\/\/diarioregionaldigital.com.br\/index.php?rest_route=%2Fwp%2Fv2%2Fcategories&post=94490"},{"taxonomy":"post_tag","embeddable":true,"href":"https:\/\/diarioregionaldigital.com.br\/index.php?rest_route=%2Fwp%2Fv2%2Ftags&post=94490"}],"curies":[{"name":"wp","href":"https:\/\/api.w.org\/{rel}","templated":true}]}}