{"id":94488,"date":"2018-03-23T16:33:19","date_gmt":"2018-03-23T19:33:19","guid":{"rendered":"http:\/\/diarioregionaljf.com.br\/2018\/03\/23\/calderano-vence-nas-duplas-e-vai-a-chave-principal-do-aberto-de-alemanha\/"},"modified":"2018-03-23T16:33:19","modified_gmt":"2018-03-23T19:33:19","slug":"calderano-vence-nas-duplas-e-vai-a-chave-principal-do-aberto-de-alemanha","status":"publish","type":"post","link":"https:\/\/diarioregionaldigital.com.br\/?p=94488","title":{"rendered":"Calderano vence nas duplas e vai \u00e0 chave principal do aberto de Alemanha"},"content":{"rendered":"<p>Assim como na competi\u00e7\u00e3o individual, Hugo Calderano tamb\u00e9m disputar\u00e1 a fase principal do Aberto de Alemanha entre as duplas. Em seu primeiro compromisso pelo torneio, na manh\u00e3 desta quinta-feira, 22, a dupla formada por ele e pelo franc\u00eas Simon Gauzy bateu a parceria dos belgas Martin Allegro e Florent Lambiet por 3 sets a 2, parciais de (11\/7, 7\/11, 11\/9, 13\/11 e 11\/7).<\/p>\n<p> &nbsp;<br \/> Com isso, o brasileiro &#8211; que j\u00e1 tinha estreia programada no individual para esta sexta-feira, 23, jogar\u00e1, no mesmo dia, mais tarde, pela fase de duplas, \u00e0s 15h50 (de Bras\u00edlia), contra a dupla de Hong Kong formada por Kwan Kit Ho e Chun Ting Wong, respectivamente 6\u00ba e 8\u00ba no ranking mundial de duplas. Na mesma listagem, Hugo \u00e9 o 31\u00ba, e o franc\u00eas Gauzy, o 84\u00ba.<\/p>\n<p> O t\u00e9cnico Jean Ren\u00e9 Mounie analisou a vit\u00f3ria na estreia e as dificuldades encontradas, especialmente no come\u00e7o do confronto.<\/p>\n<p> \u201cHoje tivemos um jogo bem dif\u00edcil. O in\u00edcio foi complicado, pois os jogadores da B\u00e9lgica jogaram o melhor deles no come\u00e7o da partida. Tivemos problemas tamb\u00e9m para achar o ritmo do jogo, mas passo a passo melhoramos. S\u00e3o coisas que podem acontecer, especialmente numa primeira rodada e estamos bem satisfeitos de ter ganhado\u201d, ressaltou o t\u00e9cnico, que reconheceu a boa postura de Calderano e Gauzy na mesa.<br \/> &nbsp;<br \/> \u201cMesmo n\u00e3o desenvolvendo nosso melhor n\u00edvel, o Hugo e Simon mostraram vontade de brigar at\u00e9 ganhar\u201d, explicou Mounie.<\/p>\n<p> O advers\u00e1rio de Calderano na chave de simples ser\u00e1 definido no per\u00edodo da tarde, ap\u00f3s a \u00faltima rodada da fase classificat\u00f3ria, que apontar\u00e1 16 mesa-tenistas para a etapa principal em Bremen.<\/p>\n<p> Antes dele, Gustavo Tsuboi deixou o evento ainda na fase de grupos, com um triunfo e um rev\u00e9s.<\/p>\n<p><strong>Fonte: CBTM<\/strong><\/p>\n","protected":false},"excerpt":{"rendered":"<p>Assim como na competi\u00e7\u00e3o individual, Hugo Calderano tamb\u00e9m disputar\u00e1 a fase principal do Aberto de Alemanha entre as duplas. Em seu primeiro compromisso pelo torneio, na manh\u00e3 desta quinta-feira, 22, a dupla formada por ele e pelo franc\u00eas Simon Gauzy bateu a parceria dos belgas Martin Allegro e Florent Lambiet por 3 sets a 2, [&hellip;]<\/p>\n","protected":false},"author":96,"featured_media":94487,"comment_status":"closed","ping_status":"closed","sticky":false,"template":"","format":"standard","meta":{"footnotes":""},"categories":[257],"tags":[],"class_list":["post-94488","post","type-post","status-publish","format-standard","has-post-thumbnail","hentry","category-esporte"],"_links":{"self":[{"href":"https:\/\/diarioregionaldigital.com.br\/index.php?rest_route=\/wp\/v2\/posts\/94488","targetHints":{"allow":["GET"]}}],"collection":[{"href":"https:\/\/diarioregionaldigital.com.br\/index.php?rest_route=\/wp\/v2\/posts"}],"about":[{"href":"https:\/\/diarioregionaldigital.com.br\/index.php?rest_route=\/wp\/v2\/types\/post"}],"author":[{"embeddable":true,"href":"https:\/\/diarioregionaldigital.com.br\/index.php?rest_route=\/wp\/v2\/users\/96"}],"replies":[{"embeddable":true,"href":"https:\/\/diarioregionaldigital.com.br\/index.php?rest_route=%2Fwp%2Fv2%2Fcomments&post=94488"}],"version-history":[{"count":0,"href":"https:\/\/diarioregionaldigital.com.br\/index.php?rest_route=\/wp\/v2\/posts\/94488\/revisions"}],"wp:featuredmedia":[{"embeddable":true,"href":"https:\/\/diarioregionaldigital.com.br\/index.php?rest_route=\/wp\/v2\/media\/94487"}],"wp:attachment":[{"href":"https:\/\/diarioregionaldigital.com.br\/index.php?rest_route=%2Fwp%2Fv2%2Fmedia&parent=94488"}],"wp:term":[{"taxonomy":"category","embeddable":true,"href":"https:\/\/diarioregionaldigital.com.br\/index.php?rest_route=%2Fwp%2Fv2%2Fcategories&post=94488"},{"taxonomy":"post_tag","embeddable":true,"href":"https:\/\/diarioregionaldigital.com.br\/index.php?rest_route=%2Fwp%2Fv2%2Ftags&post=94488"}],"curies":[{"name":"wp","href":"https:\/\/api.w.org\/{rel}","templated":true}]}}