{"id":94486,"date":"2018-03-23T16:31:17","date_gmt":"2018-03-23T19:31:17","guid":{"rendered":"http:\/\/diarioregionaljf.com.br\/2018\/03\/23\/prorrogado-prazo-para-inscricoes-no-jimi-2018\/"},"modified":"2018-03-23T16:31:17","modified_gmt":"2018-03-23T19:31:17","slug":"prorrogado-prazo-para-inscricoes-no-jimi-2018","status":"publish","type":"post","link":"https:\/\/diarioregionaldigital.com.br\/?p=94486","title":{"rendered":"Prorrogado prazo para inscri\u00e7\u00f5es no JIMI 2018"},"content":{"rendered":"<p>A Secretaria de Estado de Esportes (SEESP) anunciou, nesta quinta-feira, 22, a prorroga\u00e7\u00e3o do prazo para inscri\u00e7\u00f5es e a mudan\u00e7a nas datas de execu\u00e7\u00e3o das tr\u00eas etapas dos Jogos do Interior de Minas \u2013 JIMI 2018.<\/p>\n<p>Os munic\u00edpios que ainda n\u00e3o se inscreveram t\u00eam agora at\u00e9 o dia 05 de abril para inserirem no&nbsp;Sistema de Informa\u00e7\u00e3o do jogos &nbsp;o of\u00edcio assinado pelo prefeito, formalizando o interesse em participar do JIMI. O formul\u00e1rio para assinatura estar\u00e1 dispon\u00edvel no site ap\u00f3s cadastro do representante municipal.<\/p>\n<p>A partir da\u00ed, o sistema ser\u00e1 ent\u00e3o liberado, at\u00e9 o dia 26 de abril, para a inscri\u00e7\u00e3o das equipes, treinadores, auxiliares t\u00e9cnicos e n\u00famero m\u00ednimo de atletas de cada modalidade, conforme regulamento, para a Etapa Microrregional.<\/p>\n<p>Tamb\u00e9m publicada hoje, a&nbsp;nota oficial 05\/2018 &nbsp;traz a informa\u00e7\u00e3o das sedes da microrregional Tri\u00e2ngulo\/Noroeste \u2013 Sacramento \u2013, e da fase estadual \u2013 Uberl\u00e2ndia \u2013 que estavam pendentes.<\/p>\n<p>Etapas<\/p>\n<p>O novo&nbsp;cronograma de execu\u00e7\u00e3o do JIMI 2018 definiu as novas datas de cada uma das tr\u00eas etapas dos Jogos.<\/p>\n<p>A Etapa Microrregional ser\u00e1 executada, na primeira data, de 30 de maio a 03 de junho. As sedes ser\u00e3o Jequitinhonha, Ponte Nova, Pitangui e Ouro Preto.<\/p>\n<p>Na segunda data, de 25 a 29 de julho, a microrregional acontece em Montes Claros, Cataguases, Lavras e Sacramento.<\/p>\n<p>J\u00e1 a Etapa Regional, que ter\u00e1 como sedes Jequitinhonha, Formiga e Lavras, ter\u00e1 sua execu\u00e7\u00e3o de 05 a 09 de setembro. A cidade de Ponte Nova recebe a mesma fase do JIMI de 10 a 14 de outubro.<\/p>\n<p>A \u00faltima etapa dos Jogos, a Estadual, ser\u00e1 realizada em Uberl\u00e2ndia de 14 a 18 de novembro.<\/p>\n","protected":false},"excerpt":{"rendered":"<p>A Secretaria de Estado de Esportes (SEESP) anunciou, nesta quinta-feira, 22, a prorroga\u00e7\u00e3o do prazo para inscri\u00e7\u00f5es e a mudan\u00e7a nas datas de execu\u00e7\u00e3o das tr\u00eas etapas dos Jogos do Interior de Minas \u2013 JIMI 2018. Os munic\u00edpios que ainda n\u00e3o se inscreveram t\u00eam agora at\u00e9 o dia 05 de abril para inserirem no&nbsp;Sistema de [&hellip;]<\/p>\n","protected":false},"author":96,"featured_media":94485,"comment_status":"closed","ping_status":"closed","sticky":false,"template":"","format":"standard","meta":{"footnotes":""},"categories":[257],"tags":[],"class_list":["post-94486","post","type-post","status-publish","format-standard","has-post-thumbnail","hentry","category-esporte"],"_links":{"self":[{"href":"https:\/\/diarioregionaldigital.com.br\/index.php?rest_route=\/wp\/v2\/posts\/94486","targetHints":{"allow":["GET"]}}],"collection":[{"href":"https:\/\/diarioregionaldigital.com.br\/index.php?rest_route=\/wp\/v2\/posts"}],"about":[{"href":"https:\/\/diarioregionaldigital.com.br\/index.php?rest_route=\/wp\/v2\/types\/post"}],"author":[{"embeddable":true,"href":"https:\/\/diarioregionaldigital.com.br\/index.php?rest_route=\/wp\/v2\/users\/96"}],"replies":[{"embeddable":true,"href":"https:\/\/diarioregionaldigital.com.br\/index.php?rest_route=%2Fwp%2Fv2%2Fcomments&post=94486"}],"version-history":[{"count":0,"href":"https:\/\/diarioregionaldigital.com.br\/index.php?rest_route=\/wp\/v2\/posts\/94486\/revisions"}],"wp:featuredmedia":[{"embeddable":true,"href":"https:\/\/diarioregionaldigital.com.br\/index.php?rest_route=\/wp\/v2\/media\/94485"}],"wp:attachment":[{"href":"https:\/\/diarioregionaldigital.com.br\/index.php?rest_route=%2Fwp%2Fv2%2Fmedia&parent=94486"}],"wp:term":[{"taxonomy":"category","embeddable":true,"href":"https:\/\/diarioregionaldigital.com.br\/index.php?rest_route=%2Fwp%2Fv2%2Fcategories&post=94486"},{"taxonomy":"post_tag","embeddable":true,"href":"https:\/\/diarioregionaldigital.com.br\/index.php?rest_route=%2Fwp%2Fv2%2Ftags&post=94486"}],"curies":[{"name":"wp","href":"https:\/\/api.w.org\/{rel}","templated":true}]}}