{"id":94484,"date":"2018-03-23T16:28:15","date_gmt":"2018-03-23T19:28:15","guid":{"rendered":"http:\/\/diarioregionaljf.com.br\/2018\/03\/23\/bem-comum-bairros-programa-de-atividade-fisica-e-qualidade-de-vida-apresenta-zumba-neste-fim-de-semana\/"},"modified":"2018-03-23T16:28:15","modified_gmt":"2018-03-23T19:28:15","slug":"bem-comum-bairros-programa-de-atividade-fisica-e-qualidade-de-vida-apresenta-zumba-neste-fim-de-semana","status":"publish","type":"post","link":"https:\/\/diarioregionaldigital.com.br\/?p=94484","title":{"rendered":"Bem Comum Bairros \u2013 Programa de Atividade F\u00edsica e Qualidade de Vida apresenta zumba neste fim de semana"},"content":{"rendered":"<p>O Programa de Atividade F\u00edsica e Qualidade de Vida (PAFQV), desenvolvido pela Secretaria de Administra\u00e7\u00e3o e Recursos Humanos (SARH) da Prefeitura de Juiz de Fora (PJF), promover\u00e1, neste fim de semana, aul\u00e3o de zumba aberto ao p\u00fablico durante o \u201cBem Comum Bairros\u201d. O evento come\u00e7a \u00e0s 8 horas, na Rua Dr. Murilo de Andrade Abreu, no Bairro JK. As aulas ser\u00e3o ministradas pela professora Dhyana Lustosa Mar\u00e7al.<\/p>\n<p> A coordenadora do PAFQV, L\u00facia Coelho, d\u00e1 dicas para quem vai ao aul\u00e3o: \u201c\u00c9 bom ir com roupa de gin\u00e1stica e t\u00eanis confort\u00e1veis, alimentar-se antes da aula e levar uma garrafinha de \u00e1gua\u201d.<\/p>\n<p> <strong>O programa<\/strong><\/p>\n<p> O PAFQV \u00e9 desenvolvido pela Secretaria de Administra\u00e7\u00e3o e Recursos Humanos (SARH), atrav\u00e9s do Departamento de Ambi\u00eancia Organizacional (Damor), da Subsecretaria de Pessoas (SSP), e voltado para os servidores da PJF. O objetivo \u00e9 proporcionar aos servidores a pr\u00e1tica de atividades f\u00edsicas orientadas e a viv\u00eancia de experi\u00eancia de cunho art\u00edstico-cultural, contando com professores qualificados. S\u00e3o oferecidas aulas regulares de diversas modalidades, gratuitamente.<\/p>\n","protected":false},"excerpt":{"rendered":"<p>O Programa de Atividade F\u00edsica e Qualidade de Vida (PAFQV), desenvolvido pela Secretaria de Administra\u00e7\u00e3o e Recursos Humanos (SARH) da Prefeitura de Juiz de Fora (PJF), promover\u00e1, neste fim de semana, aul\u00e3o de zumba aberto ao p\u00fablico durante o \u201cBem Comum Bairros\u201d. O evento come\u00e7a \u00e0s 8 horas, na Rua Dr. Murilo de Andrade Abreu, [&hellip;]<\/p>\n","protected":false},"author":96,"featured_media":94483,"comment_status":"closed","ping_status":"closed","sticky":false,"template":"","format":"standard","meta":{"footnotes":""},"categories":[257],"tags":[],"class_list":["post-94484","post","type-post","status-publish","format-standard","has-post-thumbnail","hentry","category-esporte"],"_links":{"self":[{"href":"https:\/\/diarioregionaldigital.com.br\/index.php?rest_route=\/wp\/v2\/posts\/94484","targetHints":{"allow":["GET"]}}],"collection":[{"href":"https:\/\/diarioregionaldigital.com.br\/index.php?rest_route=\/wp\/v2\/posts"}],"about":[{"href":"https:\/\/diarioregionaldigital.com.br\/index.php?rest_route=\/wp\/v2\/types\/post"}],"author":[{"embeddable":true,"href":"https:\/\/diarioregionaldigital.com.br\/index.php?rest_route=\/wp\/v2\/users\/96"}],"replies":[{"embeddable":true,"href":"https:\/\/diarioregionaldigital.com.br\/index.php?rest_route=%2Fwp%2Fv2%2Fcomments&post=94484"}],"version-history":[{"count":0,"href":"https:\/\/diarioregionaldigital.com.br\/index.php?rest_route=\/wp\/v2\/posts\/94484\/revisions"}],"wp:featuredmedia":[{"embeddable":true,"href":"https:\/\/diarioregionaldigital.com.br\/index.php?rest_route=\/wp\/v2\/media\/94483"}],"wp:attachment":[{"href":"https:\/\/diarioregionaldigital.com.br\/index.php?rest_route=%2Fwp%2Fv2%2Fmedia&parent=94484"}],"wp:term":[{"taxonomy":"category","embeddable":true,"href":"https:\/\/diarioregionaldigital.com.br\/index.php?rest_route=%2Fwp%2Fv2%2Fcategories&post=94484"},{"taxonomy":"post_tag","embeddable":true,"href":"https:\/\/diarioregionaldigital.com.br\/index.php?rest_route=%2Fwp%2Fv2%2Ftags&post=94484"}],"curies":[{"name":"wp","href":"https:\/\/api.w.org\/{rel}","templated":true}]}}