{"id":94482,"date":"2018-03-23T16:26:30","date_gmt":"2018-03-23T19:26:30","guid":{"rendered":"http:\/\/diarioregionaljf.com.br\/2018\/03\/23\/segunda-etapa-do-ranking-de-corridas-de-rua-acontece-domingo\/"},"modified":"2018-03-23T16:26:30","modified_gmt":"2018-03-23T19:26:30","slug":"segunda-etapa-do-ranking-de-corridas-de-rua-acontece-domingo","status":"publish","type":"post","link":"https:\/\/diarioregionaldigital.com.br\/?p=94482","title":{"rendered":"Segunda etapa do Ranking de Corridas de Rua acontece domingo"},"content":{"rendered":"<p>A \u201c1\u00aa Corrida Fribatech Spazio Shopping Design\/PJF\u201d acontece neste domingo, 25, Ladeira Alexandre Leonel, 221, com largada \u00e0s 8 horas. O percurso ser\u00e1 de 6,5 km para caminhada e corrida. A corrida infantil acontecer\u00e1 no mesmo local e data, por\u00e9m, com largada \u00e0s 9h30.<\/p>\n<p> Os chips ser\u00e3o entregues das 6h30 \u00e0s 7h45, no dia e local da prova. A distribui\u00e7\u00e3o de kits acontecer\u00e1 neste s\u00e1bado, 24, das 10 \u00e0s 17 horas, na Loja Tack Field (Santo Ant\u00f4nio, 1450, esquina com a Rua Rei Alberto).<\/p>\n<p> O evento, que \u00e9 a segunda etapa do 32\u00ba Ranking de Corridas de Rua de Juiz de Fora, competi\u00e7\u00e3o anual que contempla corredores da cidade e regi\u00e3o, \u00e9 resultado da parceria entre Prefeitura de Juiz de Fora (PJF) e iniciativa privada.<\/p>\n<p> As empresas vencedoras do processo de chamada p\u00fablica t\u00eam oportunidade de organizar corridas com apoio da Secretaria de Esporte e Lazer (SEL), atrav\u00e9s do Departamento de Inicia\u00e7\u00e3o, Forma\u00e7\u00e3o e Rendimento Esportivo. Este ano, o Ranking ter\u00e1 dez etapas j\u00e1 agendadas, que podem ser conferidas no&nbsp;endere\u00e7o, na aba Corridas.<\/p>\n","protected":false},"excerpt":{"rendered":"<p>A \u201c1\u00aa Corrida Fribatech Spazio Shopping Design\/PJF\u201d acontece neste domingo, 25, Ladeira Alexandre Leonel, 221, com largada \u00e0s 8 horas. O percurso ser\u00e1 de 6,5 km para caminhada e corrida. A corrida infantil acontecer\u00e1 no mesmo local e data, por\u00e9m, com largada \u00e0s 9h30. Os chips ser\u00e3o entregues das 6h30 \u00e0s 7h45, no dia e [&hellip;]<\/p>\n","protected":false},"author":96,"featured_media":94481,"comment_status":"closed","ping_status":"closed","sticky":false,"template":"","format":"standard","meta":{"footnotes":""},"categories":[257],"tags":[],"class_list":["post-94482","post","type-post","status-publish","format-standard","has-post-thumbnail","hentry","category-esporte"],"_links":{"self":[{"href":"https:\/\/diarioregionaldigital.com.br\/index.php?rest_route=\/wp\/v2\/posts\/94482","targetHints":{"allow":["GET"]}}],"collection":[{"href":"https:\/\/diarioregionaldigital.com.br\/index.php?rest_route=\/wp\/v2\/posts"}],"about":[{"href":"https:\/\/diarioregionaldigital.com.br\/index.php?rest_route=\/wp\/v2\/types\/post"}],"author":[{"embeddable":true,"href":"https:\/\/diarioregionaldigital.com.br\/index.php?rest_route=\/wp\/v2\/users\/96"}],"replies":[{"embeddable":true,"href":"https:\/\/diarioregionaldigital.com.br\/index.php?rest_route=%2Fwp%2Fv2%2Fcomments&post=94482"}],"version-history":[{"count":0,"href":"https:\/\/diarioregionaldigital.com.br\/index.php?rest_route=\/wp\/v2\/posts\/94482\/revisions"}],"wp:featuredmedia":[{"embeddable":true,"href":"https:\/\/diarioregionaldigital.com.br\/index.php?rest_route=\/wp\/v2\/media\/94481"}],"wp:attachment":[{"href":"https:\/\/diarioregionaldigital.com.br\/index.php?rest_route=%2Fwp%2Fv2%2Fmedia&parent=94482"}],"wp:term":[{"taxonomy":"category","embeddable":true,"href":"https:\/\/diarioregionaldigital.com.br\/index.php?rest_route=%2Fwp%2Fv2%2Fcategories&post=94482"},{"taxonomy":"post_tag","embeddable":true,"href":"https:\/\/diarioregionaldigital.com.br\/index.php?rest_route=%2Fwp%2Fv2%2Ftags&post=94482"}],"curies":[{"name":"wp","href":"https:\/\/api.w.org\/{rel}","templated":true}]}}