{"id":94480,"date":"2018-03-23T15:46:23","date_gmt":"2018-03-23T18:46:23","guid":{"rendered":"http:\/\/diarioregionaljf.com.br\/2018\/03\/23\/pesquisadora-brasileira-recebe-premio-da-onu\/"},"modified":"2018-03-23T15:46:23","modified_gmt":"2018-03-23T18:46:23","slug":"pesquisadora-brasileira-recebe-premio-da-onu","status":"publish","type":"post","link":"https:\/\/diarioregionaldigital.com.br\/?p=94480","title":{"rendered":"Pesquisadora brasileira recebe pr\u00eamio da ONU"},"content":{"rendered":"<p>Professora adjunta do Departamento de Bioqu\u00edmica e Imunologia da Universidade Federal de Minas Gerais (UFMG), Rafaela Ferreira, ganhou em Paris, um pr\u00eamio da Organiza\u00e7\u00e3o das Na\u00e7\u00f5es Unidas para a Educa\u00e7\u00e3o, a Ci\u00eancia e Cultura (Unesco), que reconhece o trabalho de mulheres cientistas que mais se destacaram no mundo em 2017.<\/p>\n<p>Ela desenvolve uma pesquisa que busca desenvolver medicamentos para o tratamento do zika v\u00edrus e da doen\u00e7a de Chagas. Os estudos se debru\u00e7am sobre mol\u00e9culas capazes de alterar o v\u00edrus e o protozo\u00e1rio que causam essas doen\u00e7as, para inibi-los.<\/p>\n<p>De acordo com a pesquisadora mineira, j\u00e1 foram analisadas mais de 400 mil mol\u00e9culas em complexos programas computacionais e algumas delas foram identificadas como \u201cpromissoras\u201d.<\/p>\n<hr \/>\n<p>&nbsp;Fonte: Portal Brasil<\/p>\n","protected":false},"excerpt":{"rendered":"<p>Professora adjunta do Departamento de Bioqu\u00edmica e Imunologia da Universidade Federal de Minas Gerais (UFMG), Rafaela Ferreira, ganhou em Paris, um pr\u00eamio da Organiza\u00e7\u00e3o das Na\u00e7\u00f5es Unidas para a Educa\u00e7\u00e3o, a Ci\u00eancia e Cultura (Unesco), que reconhece o trabalho de mulheres cientistas que mais se destacaram no mundo em 2017. Ela desenvolve uma pesquisa que [&hellip;]<\/p>\n","protected":false},"author":96,"featured_media":94479,"comment_status":"closed","ping_status":"closed","sticky":false,"template":"","format":"standard","meta":{"footnotes":""},"categories":[302],"tags":[],"class_list":["post-94480","post","type-post","status-publish","format-standard","has-post-thumbnail","hentry","category-brasil-mundo"],"_links":{"self":[{"href":"https:\/\/diarioregionaldigital.com.br\/index.php?rest_route=\/wp\/v2\/posts\/94480","targetHints":{"allow":["GET"]}}],"collection":[{"href":"https:\/\/diarioregionaldigital.com.br\/index.php?rest_route=\/wp\/v2\/posts"}],"about":[{"href":"https:\/\/diarioregionaldigital.com.br\/index.php?rest_route=\/wp\/v2\/types\/post"}],"author":[{"embeddable":true,"href":"https:\/\/diarioregionaldigital.com.br\/index.php?rest_route=\/wp\/v2\/users\/96"}],"replies":[{"embeddable":true,"href":"https:\/\/diarioregionaldigital.com.br\/index.php?rest_route=%2Fwp%2Fv2%2Fcomments&post=94480"}],"version-history":[{"count":0,"href":"https:\/\/diarioregionaldigital.com.br\/index.php?rest_route=\/wp\/v2\/posts\/94480\/revisions"}],"wp:featuredmedia":[{"embeddable":true,"href":"https:\/\/diarioregionaldigital.com.br\/index.php?rest_route=\/wp\/v2\/media\/94479"}],"wp:attachment":[{"href":"https:\/\/diarioregionaldigital.com.br\/index.php?rest_route=%2Fwp%2Fv2%2Fmedia&parent=94480"}],"wp:term":[{"taxonomy":"category","embeddable":true,"href":"https:\/\/diarioregionaldigital.com.br\/index.php?rest_route=%2Fwp%2Fv2%2Fcategories&post=94480"},{"taxonomy":"post_tag","embeddable":true,"href":"https:\/\/diarioregionaldigital.com.br\/index.php?rest_route=%2Fwp%2Fv2%2Ftags&post=94480"}],"curies":[{"name":"wp","href":"https:\/\/api.w.org\/{rel}","templated":true}]}}