{"id":94478,"date":"2018-03-23T15:45:17","date_gmt":"2018-03-23T18:45:17","guid":{"rendered":"http:\/\/diarioregionaljf.com.br\/2018\/03\/23\/decreto-limita-o-uso-de-chumbo-em-tintas\/"},"modified":"2018-03-23T15:45:17","modified_gmt":"2018-03-23T18:45:17","slug":"decreto-limita-o-uso-de-chumbo-em-tintas","status":"publish","type":"post","link":"https:\/\/diarioregionaldigital.com.br\/?p=94478","title":{"rendered":"Decreto limita o uso de chumbo em tintas"},"content":{"rendered":"<p>O Minist\u00e9rio do Meio Ambiente publicou um decreto que limita a quantidade da subst\u00e2ncia nas tintas usadas em produtos infantis, escolares e pinturas imobili\u00e1rias. A partir de agora, o teor m\u00e1ximo de chumbo permitido nesses produtos ser\u00e1 0,06% (seis cent\u00e9simos por cento).<\/p>\n<h4>Entenda como essa medida ir\u00e1 funcionar:<\/h4>\n<p>Fiscaliza\u00e7\u00e3o<br \/>O Instituto Nacional de Metrologia (Inmetro) ser\u00e1 o \u00f3rg\u00e3o respons\u00e1vel por fiscalizar, punir e recolher do mercado o que for fabricado, comercializado ou importado com teor acima do autorizado.<\/p>\n<p>Recolhimento<br \/>Quando esses produtos forem identificados, o fabricante ou importador ser\u00e1 obrigado a providenciar o recolhimento do com\u00e9rcio e a divulgar na m\u00eddia quais s\u00e3o os produtos que se encontram fora das especifica\u00e7\u00f5es.<\/p>\n<p>Destina\u00e7\u00e3o<br \/>Os artigos recolhidos e os lotes irregulares devem ser destru\u00eddos e destinados de maneira ambientalmente adequada, sob a responsabilidade dos pr\u00f3prios fabricantes.<\/p>\n<p>Exce\u00e7\u00f5es<br \/>As regras previstas no decreto n\u00e3o afetam as tintas, vernizes e materiais similares encontradas no revestimento de superf\u00edcies de uso industrial, agr\u00edcola ou comercial, como pinturas automotivas, m\u00f3veis, utens\u00edlios e eletrodom\u00e9sticos.<\/p>\n<p>Cuidados<br \/>O chumbo causa v\u00e1rias doen\u00e7as e pode afetar de forma grave as fun\u00e7\u00f5es cerebrais, sangue, rins, sistema digestivo e reprodutor. A subst\u00e2ncia ainda pode produzir muta\u00e7\u00f5es gen\u00e9ticas em descendentes. De acordo com pesquisas, as crian\u00e7as est\u00e3o mais expostas \u00e0 contamina\u00e7\u00e3o. Isso porque ao brincarem, levarem a m\u00e3o \u00e0 boca e at\u00e9 consumirem alimentos, elas absorvem de quatro a cinco vezes mais subst\u00e2ncias potencialmente t\u00f3xicas do que os adultos.<\/p>\n<hr \/>\n<p>&nbsp;Fonte: Portal Brasil<\/p>\n","protected":false},"excerpt":{"rendered":"<p>O Minist\u00e9rio do Meio Ambiente publicou um decreto que limita a quantidade da subst\u00e2ncia nas tintas usadas em produtos infantis, escolares e pinturas imobili\u00e1rias. A partir de agora, o teor m\u00e1ximo de chumbo permitido nesses produtos ser\u00e1 0,06% (seis cent\u00e9simos por cento). Entenda como essa medida ir\u00e1 funcionar: Fiscaliza\u00e7\u00e3oO Instituto Nacional de Metrologia (Inmetro) ser\u00e1 [&hellip;]<\/p>\n","protected":false},"author":96,"featured_media":94477,"comment_status":"closed","ping_status":"closed","sticky":false,"template":"","format":"standard","meta":{"footnotes":""},"categories":[302],"tags":[],"class_list":["post-94478","post","type-post","status-publish","format-standard","has-post-thumbnail","hentry","category-brasil-mundo"],"_links":{"self":[{"href":"https:\/\/diarioregionaldigital.com.br\/index.php?rest_route=\/wp\/v2\/posts\/94478","targetHints":{"allow":["GET"]}}],"collection":[{"href":"https:\/\/diarioregionaldigital.com.br\/index.php?rest_route=\/wp\/v2\/posts"}],"about":[{"href":"https:\/\/diarioregionaldigital.com.br\/index.php?rest_route=\/wp\/v2\/types\/post"}],"author":[{"embeddable":true,"href":"https:\/\/diarioregionaldigital.com.br\/index.php?rest_route=\/wp\/v2\/users\/96"}],"replies":[{"embeddable":true,"href":"https:\/\/diarioregionaldigital.com.br\/index.php?rest_route=%2Fwp%2Fv2%2Fcomments&post=94478"}],"version-history":[{"count":0,"href":"https:\/\/diarioregionaldigital.com.br\/index.php?rest_route=\/wp\/v2\/posts\/94478\/revisions"}],"wp:featuredmedia":[{"embeddable":true,"href":"https:\/\/diarioregionaldigital.com.br\/index.php?rest_route=\/wp\/v2\/media\/94477"}],"wp:attachment":[{"href":"https:\/\/diarioregionaldigital.com.br\/index.php?rest_route=%2Fwp%2Fv2%2Fmedia&parent=94478"}],"wp:term":[{"taxonomy":"category","embeddable":true,"href":"https:\/\/diarioregionaldigital.com.br\/index.php?rest_route=%2Fwp%2Fv2%2Fcategories&post=94478"},{"taxonomy":"post_tag","embeddable":true,"href":"https:\/\/diarioregionaldigital.com.br\/index.php?rest_route=%2Fwp%2Fv2%2Ftags&post=94478"}],"curies":[{"name":"wp","href":"https:\/\/api.w.org\/{rel}","templated":true}]}}