{"id":94452,"date":"2018-03-23T12:07:09","date_gmt":"2018-03-23T15:07:09","guid":{"rendered":"http:\/\/diarioregionaljf.com.br\/2018\/03\/23\/falando-no-ouvido-que-melhor-escuta-o-bolso\/"},"modified":"2018-03-23T12:07:09","modified_gmt":"2018-03-23T15:07:09","slug":"falando-no-ouvido-que-melhor-escuta-o-bolso","status":"publish","type":"post","link":"https:\/\/diarioregionaldigital.com.br\/?p=94452","title":{"rendered":"FALANDO NO OUVIDO QUE MELHOR ESCUTA: O BOLSO!"},"content":{"rendered":"<p><img loading=\"lazy\" decoding=\"async\" class=\" size-full wp-image-94450\" src=\"http:\/\/diarioregionaljf.com.br\/wp-content\/uploads\/2018\/03\/diario-int-25357-1.jpg\" alt=\" cabecalho arquitetura\" width=\"641\" height=\"64\" srcset=\"https:\/\/diarioregionaldigital.com.br\/wp-content\/uploads\/2018\/03\/diario-int-25357-1.jpg 641w, https:\/\/diarioregionaldigital.com.br\/wp-content\/uploads\/2018\/03\/diario-int-25357-1-300x30.jpg 300w, https:\/\/diarioregionaldigital.com.br\/wp-content\/uploads\/2018\/03\/diario-int-25357-1-360x36.jpg 360w\" sizes=\"auto, (max-width: 641px) 100vw, 641px\" \/><br \/>Normalmente solu\u00e7\u00f5es para grandes problemas v\u00eam de ideias t\u00e3o simples que&nbsp;acabam gerando a seguinte express\u00e3o: \u201cah&#8230; mas era s\u00f3 isso?\u201d<\/p>\n<p>Isso me faz lembrar uma vez que estava com um problema no computador e&nbsp;n\u00e3o conseguia resolver de jeito nenhum: por mais que eu tentasse a internet&nbsp;wireless n\u00e3o pegava, s\u00f3 funcionava quando eu conectava o cabo.<\/p>\n<p>Depois de muito quebrar a cabe\u00e7a, resolvi chamar um t\u00e9cnico. Ele chegou ao&nbsp;escrit\u00f3rio, pegou o computador, clicou em um bot\u00e3ozinho na lateral direita, viu&nbsp;que o wireless passou a funcionar e virou para meu lado com a m\u00e3o estendida,&nbsp;cobrando:<\/p>\n<p>\u2013 Sessenta reais!<\/p>\n<p>Por um breve momento achei que ele estivesse brincando. Cheguei at\u00e9 a dar&nbsp;uma risadinha do tipo: \u201centendi a piada\u201d.<\/p>\n<p>Mas o semblante dele continuou imut\u00e1vel, do tipo: \u201cn\u00e3o \u00e9 piada\u201d.<\/p>\n<p>Entendi na hora que realmente n\u00e3o era piada. Ele foi para resolver uma&nbsp;quest\u00e3o espec\u00edfica e a resolveu.<\/p>\n<p>Ent\u00e3o estiquei a m\u00e3o e dei o dinheiro solicitado com uma cara resignada do&nbsp;tipo: \u201cesse cara sabe apertar um bot\u00e3o\u201d.<\/p>\n<p>N\u00e3o estava pagando pelo tempo, mas sim pela solu\u00e7\u00e3o do problema.<\/p>\n<p>Ele poderia ter levado o computador para a oficina e depois de uma semana&nbsp;vindo com um or\u00e7amento que seria o triplo do valor falando de uma suposta&nbsp;placa m\u00e3e queimada&#8230; e por esse neg\u00f3cio de m\u00e3e costumamos pagar qualquer&nbsp;valor, sem questionar, n\u00e3o \u00e9?!<\/p>\n<p><span style=\"color: #008080;\"><strong><img loading=\"lazy\" decoding=\"async\" class=\" size-full wp-image-94451\" src=\"http:\/\/diarioregionaljf.com.br\/wp-content\/uploads\/2018\/03\/diario-int-25357-2.png\" alt=\"QUANTO VALE PROJETO\" width=\"640\" height=\"425\" srcset=\"https:\/\/diarioregionaldigital.com.br\/wp-content\/uploads\/2018\/03\/diario-int-25357-2.png 640w, https:\/\/diarioregionaldigital.com.br\/wp-content\/uploads\/2018\/03\/diario-int-25357-2-300x199.png 300w, https:\/\/diarioregionaldigital.com.br\/wp-content\/uploads\/2018\/03\/diario-int-25357-2-360x239.png 360w\" sizes=\"auto, (max-width: 640px) 100vw, 640px\" \/><br \/>QUANTO VALE UMA IDEIA?<\/strong><\/span><\/p>\n<p>E a\u00ed, quanto vale uma ideia? Quanto vale o conhecimento espec\u00edfico?<\/p>\n<p>No caso da arquitetura esse paradigma de ser \u201cuma arte cara\u201d ainda se mistura&nbsp;com outro: o desconhecimento da profiss\u00e3o, a cren\u00e7a de que um projeto serve&nbsp;\u201capenas\u201d para deixar os espa\u00e7os mais bonitos!<\/p>\n<p>J\u00e1 que a quest\u00e3o da est\u00e9tica \u00e9 subjetiva e o planejamento de espa\u00e7os flu\u00eddos,&nbsp;funcionais e integrados s\u00e3o \u201capenas boas ideias\u201d, vou falar no ouvido que&nbsp;escuta melhor: o bolso.<\/p>\n<p>Um bom arquiteto pode ajudar a obra a ficar mais barata! Sim, isso mesmo: um&nbsp;bom projeto pode deixar a casa mais barata.<\/p>\n<p>E isso passa desde a escolha correta do terreno (considerando declividade,&nbsp;insola\u00e7\u00e3o, entorno) que melhor atenda \u00e0s necessidades dos clientes, at\u00e9 a&nbsp;indica\u00e7\u00e3o de materiais e fornecedores adequados.<\/p>\n<p>Sendo mais concreto (mas sem querer ser engenheiro):<\/p>\n<p>Se ao analisar um \u201cdese\u00ednho\u201d de terceiros detecta-se que est\u00e3o planejados&nbsp;dois degraus a mais por andar do que o necess\u00e1rio e que sua corre\u00e7\u00e3o&nbsp;economizaria R$10 mil apenas em m\u00e3o de obra&#8230;<\/p>\n<p>Se durante a prospec\u00e7\u00e3o com o cliente faz-se entender que a casa funcionar\u00e1&nbsp;bem com quatro banheiros ao inv\u00e9s de seis, gerando uma economia de cerca&nbsp;de R$14 mil&#8230;<\/p>\n<p>Se na compra do terreno para um pr\u00e9dio indica-se um local com suave declive&nbsp;ao inv\u00e9s de aclive, e isso economiza em terraplanagem e arrimo cerca de R$20&nbsp;mil&#8230;<\/p>\n<p>Se se entende que se deve evitar colocar os quartos para o sol poente sen\u00e3o&nbsp;esses ambientes ficar\u00e3o extremamente quentes e haver\u00e1 um gasto mensal&nbsp;absurdo com ar condicionado&#8230;<\/p>\n<p>E a\u00ed, quanto valem essas ideias?<\/p>\n<p>Um bom arquiteto pode deixar a obra mais barata tanto na constru\u00e7\u00e3o quanto&nbsp;nos gastos do uso di\u00e1rio!<\/p>\n<p>Ah, e al\u00e9m de mais barata, tamb\u00e9m mais funcional, confort\u00e1vel e,&nbsp;surpreendam-se: mais bonita!<\/p>\n<p><span style=\"color: #008080;\"><strong>PARA SUGEST\u00d5ES OU INFORMA\u00c7\u00d5ES:<\/strong><\/span><\/p>\n<p>Fabiano Teixeira | Arquiteto | (32) 99103-1405<\/p>\n","protected":false},"excerpt":{"rendered":"<p>Normalmente solu\u00e7\u00f5es para grandes problemas v\u00eam de ideias t\u00e3o simples que&nbsp;acabam gerando a seguinte express\u00e3o: \u201cah&#8230; mas era s\u00f3 isso?\u201d Isso me faz lembrar uma vez que estava com um problema no computador e&nbsp;n\u00e3o conseguia resolver de jeito nenhum: por mais que eu tentasse a internet&nbsp;wireless n\u00e3o pegava, s\u00f3 funcionava quando eu conectava o cabo. [&hellip;]<\/p>\n","protected":false},"author":96,"featured_media":94449,"comment_status":"closed","ping_status":"closed","sticky":false,"template":"","format":"standard","meta":{"footnotes":""},"categories":[287],"tags":[],"class_list":["post-94452","post","type-post","status-publish","format-standard","has-post-thumbnail","hentry","category-arquitetura-fabiano-teixeira"],"_links":{"self":[{"href":"https:\/\/diarioregionaldigital.com.br\/index.php?rest_route=\/wp\/v2\/posts\/94452","targetHints":{"allow":["GET"]}}],"collection":[{"href":"https:\/\/diarioregionaldigital.com.br\/index.php?rest_route=\/wp\/v2\/posts"}],"about":[{"href":"https:\/\/diarioregionaldigital.com.br\/index.php?rest_route=\/wp\/v2\/types\/post"}],"author":[{"embeddable":true,"href":"https:\/\/diarioregionaldigital.com.br\/index.php?rest_route=\/wp\/v2\/users\/96"}],"replies":[{"embeddable":true,"href":"https:\/\/diarioregionaldigital.com.br\/index.php?rest_route=%2Fwp%2Fv2%2Fcomments&post=94452"}],"version-history":[{"count":0,"href":"https:\/\/diarioregionaldigital.com.br\/index.php?rest_route=\/wp\/v2\/posts\/94452\/revisions"}],"wp:featuredmedia":[{"embeddable":true,"href":"https:\/\/diarioregionaldigital.com.br\/index.php?rest_route=\/wp\/v2\/media\/94449"}],"wp:attachment":[{"href":"https:\/\/diarioregionaldigital.com.br\/index.php?rest_route=%2Fwp%2Fv2%2Fmedia&parent=94452"}],"wp:term":[{"taxonomy":"category","embeddable":true,"href":"https:\/\/diarioregionaldigital.com.br\/index.php?rest_route=%2Fwp%2Fv2%2Fcategories&post=94452"},{"taxonomy":"post_tag","embeddable":true,"href":"https:\/\/diarioregionaldigital.com.br\/index.php?rest_route=%2Fwp%2Fv2%2Ftags&post=94452"}],"curies":[{"name":"wp","href":"https:\/\/api.w.org\/{rel}","templated":true}]}}