{"id":94446,"date":"2018-03-23T11:50:27","date_gmt":"2018-03-23T14:50:27","guid":{"rendered":"http:\/\/diarioregionaljf.com.br\/2018\/03\/23\/homem-e-preso-por-tentativa-de-feminicidio-em-juiz-de-fora\/"},"modified":"2018-03-23T11:50:27","modified_gmt":"2018-03-23T14:50:27","slug":"homem-e-preso-por-tentativa-de-feminicidio-em-juiz-de-fora","status":"publish","type":"post","link":"https:\/\/diarioregionaldigital.com.br\/?p=94446","title":{"rendered":"Homem \u00e9 preso por tentativa de feminic\u00eddio em Juiz de Fora"},"content":{"rendered":"<p>A Pol\u00edcia Civil de Minas Gerais cumpriu, na noite de ter\u00e7a-feira, 21, o mandado de pris\u00e3o de um homem de 32 anos. Ele \u00e9 suspeito de uma tentativa de feminic\u00eddio, ocorrida no dia 11 de mar\u00e7o, no bairro Vina Del Mar. Na ocasi\u00e3o, a v\u00edtima de 34 anos foi esfaqueada pelo ex-companheiro, em uma confraterniza\u00e7\u00e3o. Ele se apresentou \u00e0 Delegacia Regional em Juiz de Fora.<\/p>\n<p>Conforme a Delegada Ione Maria Moreira Dias Barbosa, respons\u00e1vel pelas apura\u00e7\u00f5es, o homem teria entrado em uma confraterniza\u00e7\u00e3o familiar sem ser convidado e cometido o crime por n\u00e3o aceitar o t\u00e9rmino do casamento.<\/p>\n<p>Ainda de acordo a Delegada, em setembro do ano passado, a v\u00edtima compareceu at\u00e9 a Delegacia para requerer medida protetiva e, em seguida, foi instaurado inqu\u00e9rito para apura\u00e7\u00e3o do caso. Na ocasi\u00e3o, ele teria agredido a ex-mulher com socos e empurr\u00f5es.<\/p>\n<p>O investigado foi encaminhado \u00e0 unidade prisional, onde se encontra \u00e0 disposi\u00e7\u00e3o da Justi\u00e7a.<\/p>\n<p>Fonte: Assessoria\/PCMG<\/p>\n","protected":false},"excerpt":{"rendered":"<p>A Pol\u00edcia Civil de Minas Gerais cumpriu, na noite de ter\u00e7a-feira, 21, o mandado de pris\u00e3o de um homem de 32 anos. Ele \u00e9 suspeito de uma tentativa de feminic\u00eddio, ocorrida no dia 11 de mar\u00e7o, no bairro Vina Del Mar. Na ocasi\u00e3o, a v\u00edtima de 34 anos foi esfaqueada pelo ex-companheiro, em uma confraterniza\u00e7\u00e3o. [&hellip;]<\/p>\n","protected":false},"author":96,"featured_media":94445,"comment_status":"closed","ping_status":"closed","sticky":false,"template":"","format":"standard","meta":{"footnotes":""},"categories":[253],"tags":[],"class_list":["post-94446","post","type-post","status-publish","format-standard","has-post-thumbnail","hentry","category-cidade"],"_links":{"self":[{"href":"https:\/\/diarioregionaldigital.com.br\/index.php?rest_route=\/wp\/v2\/posts\/94446","targetHints":{"allow":["GET"]}}],"collection":[{"href":"https:\/\/diarioregionaldigital.com.br\/index.php?rest_route=\/wp\/v2\/posts"}],"about":[{"href":"https:\/\/diarioregionaldigital.com.br\/index.php?rest_route=\/wp\/v2\/types\/post"}],"author":[{"embeddable":true,"href":"https:\/\/diarioregionaldigital.com.br\/index.php?rest_route=\/wp\/v2\/users\/96"}],"replies":[{"embeddable":true,"href":"https:\/\/diarioregionaldigital.com.br\/index.php?rest_route=%2Fwp%2Fv2%2Fcomments&post=94446"}],"version-history":[{"count":0,"href":"https:\/\/diarioregionaldigital.com.br\/index.php?rest_route=\/wp\/v2\/posts\/94446\/revisions"}],"wp:featuredmedia":[{"embeddable":true,"href":"https:\/\/diarioregionaldigital.com.br\/index.php?rest_route=\/wp\/v2\/media\/94445"}],"wp:attachment":[{"href":"https:\/\/diarioregionaldigital.com.br\/index.php?rest_route=%2Fwp%2Fv2%2Fmedia&parent=94446"}],"wp:term":[{"taxonomy":"category","embeddable":true,"href":"https:\/\/diarioregionaldigital.com.br\/index.php?rest_route=%2Fwp%2Fv2%2Fcategories&post=94446"},{"taxonomy":"post_tag","embeddable":true,"href":"https:\/\/diarioregionaldigital.com.br\/index.php?rest_route=%2Fwp%2Fv2%2Ftags&post=94446"}],"curies":[{"name":"wp","href":"https:\/\/api.w.org\/{rel}","templated":true}]}}