{"id":94444,"date":"2018-03-23T11:37:00","date_gmt":"2018-03-23T14:37:00","guid":{"rendered":"http:\/\/diarioregionaljf.com.br\/2018\/03\/23\/rede-ebserh-lanca-concurso-com-1-196-vagas-para-sede-e-35-unidades-hospitalares\/"},"modified":"2018-03-23T11:37:00","modified_gmt":"2018-03-23T14:37:00","slug":"rede-ebserh-lanca-concurso-com-1-196-vagas-para-sede-e-35-unidades-hospitalares","status":"publish","type":"post","link":"https:\/\/diarioregionaldigital.com.br\/?p=94444","title":{"rendered":"Rede Ebserh lan\u00e7a concurso com 1.196 vagas para sede e 35 unidades hospitalares"},"content":{"rendered":"<p>A <a href=\"http:\/\/www.ebserh.gov.br\/web\/portal-ebserh\/ver-edital-em-andamento\/-\/asset_publisher\/ayE5aPSIAab6\/content\/id\/2968651\/2018-03-nacional-concurso-n%C2%B0-01-2018\" target=\"_blank\" rel=\"noopener noreferrer\">Rede Ebserh abriu concurso p\u00fablico nacional com 1.196 vagas<\/a> para 35 hospitais universit\u00e1rios federais, al\u00e9m da sede da estatal vinculada ao Minist\u00e9rio da Educa\u00e7\u00e3o. A novidade do concurso \u00e9 o formato, dividido por regi\u00e3o. Na nova configura\u00e7\u00e3o, o candidato pode escolher at\u00e9 tr\u00eas op\u00e7\u00f5es de unidades da Rede Ebserh para sua lota\u00e7\u00e3o. O edital foi publicado nessa quinta-feira, 22, no Di\u00e1rio Oficial da Uni\u00e3o. As inscri\u00e7\u00f5es para as \u00e1reas assistencial e administrativa se iniciam no dia 26 de mar\u00e7o e no dia 27 para m\u00e9dicos. O prazo para todos se encerra no dia 10 de abril.<\/p>\n<p>S\u00e3o 339 vagas para m\u00e9dicos de 83 especialidades como anestesiologia (13), cirurgia pedi\u00e1trica (13), medicina intensiva (18), neonatologia (13) e cl\u00ednica m\u00e9dica (9), dentre outras. Na \u00e1rea assistencial s\u00e3o 713 vagas, incluindo 137 enfermeiros e 413 t\u00e9cnicos em enfermagem. Na \u00e1rea administrativa s\u00e3o 144 vagas, incluindo 75 assistentes administrativos, 11 analistas de tecnologia da informa\u00e7\u00e3o e 11 t\u00e9cnicos em contabilidade.<\/p>\n<p>O concurso, realizado pelo Centro Brasileiro de Pesquisa em Avalia\u00e7\u00e3o e Sele\u00e7\u00e3o e de Promo\u00e7\u00e3o de Eventos (Cespe\/Cebraspe), servir\u00e1 principalmente para a reposi\u00e7\u00e3o dos cargos que est\u00e3o vagos e j\u00e1 esgotaram o cadastro de reserva nos certames anteriores promovidos para cada uma das unidades. Os aprovados ser\u00e3o contratados sob o regime da Consolida\u00e7\u00e3o das Leis do Trabalho (CLT). Em todo o territ\u00f3rio nacional, a Rede Ebserh j\u00e1 conta com mais de 25 mil empregados, tornando-a a quinta maior estatal do pa\u00eds.<\/p>\n<p>&nbsp;<\/p>\n<h4>EM JUIZ DE FORA<\/h4>\n<p>Para Juiz de Fora, o certame oferece um total de 16 vagas. Oito delas s\u00e3o destinadas \u00e0 m\u00e9dicos nas especialidades de Cardiologia Pedi\u00e1trica, Cirurgia Pedi\u00e1trica,Cirurgia Tor\u00e1cica,Gastroenterologia Pedi\u00e1trica,Infectologia, Nefrologia,Patologia e Psiquiatria da Inf\u00e2ncia e Adolesc\u00eancia. Outras tr\u00eas s\u00e3o oferecidas na \u00e1rea assistencial, para os cargos de Farmac\u00eautico, T\u00e9cnico em An\u00e1lises Cl\u00ednicas e T\u00e9cnico em Radiologia. As demais s\u00e3o destinadas ao setor administrativo, nas fun\u00e7\u00f5es de Analista Administrativo &#8211; Especialidade: Biblioteconomia; Arquiteto, Jornalista, Assistente Administrativo e T\u00e9cnico em Inform\u00e1tica.<\/p>\n<p>Todas as oportunidades de trabalho s\u00e3o para o Hospital Universit\u00e1rio da Universidade Federal de Juiz de Fora (HU-UFJF).<\/p>\n<p>&nbsp;<\/p>\n<h4>SOBRE A EBSERH<\/h4>\n<p>Estatal vinculada ao Minist\u00e9rio da Educa\u00e7\u00e3o, a Empresa Brasileira de Servi\u00e7os Hospitalares (Ebserh) atua na gest\u00e3o de hospitais universit\u00e1rios federais. O objetivo \u00e9, em parceria com as universidades, aperfei\u00e7oar os servi\u00e7os de atendimento \u00e0 popula\u00e7\u00e3o, por meio do SUS, e promover o ensino e a pesquisa nas unidades filiadas.<\/p>\n<p>A empresa, criada em dezembro de 2011, administra atualmente 39 hospitais e \u00e9 respons\u00e1vel pela gest\u00e3o do Programa Nacional de Reestrutura\u00e7\u00e3o dos Hospitais Universit\u00e1rios Federais (Rehuf), que contempla a\u00e7\u00f5es em todas as unidades existentes no pa\u00eds, incluindo as n\u00e3o filiadas \u00e0 Ebserh.<\/p>\n<p>&nbsp;<\/p>\n<p>Da reda\u00e7\u00e3o\/Assessoria<\/p>\n","protected":false},"excerpt":{"rendered":"<p>A Rede Ebserh abriu concurso p\u00fablico nacional com 1.196 vagas para 35 hospitais universit\u00e1rios federais, al\u00e9m da sede da estatal vinculada ao Minist\u00e9rio da Educa\u00e7\u00e3o. A novidade do concurso \u00e9 o formato, dividido por regi\u00e3o. Na nova configura\u00e7\u00e3o, o candidato pode escolher at\u00e9 tr\u00eas op\u00e7\u00f5es de unidades da Rede Ebserh para sua lota\u00e7\u00e3o. O edital [&hellip;]<\/p>\n","protected":false},"author":96,"featured_media":94443,"comment_status":"closed","ping_status":"closed","sticky":false,"template":"","format":"standard","meta":{"footnotes":""},"categories":[280],"tags":[],"class_list":["post-94444","post","type-post","status-publish","format-standard","has-post-thumbnail","hentry","category-concurso"],"_links":{"self":[{"href":"https:\/\/diarioregionaldigital.com.br\/index.php?rest_route=\/wp\/v2\/posts\/94444","targetHints":{"allow":["GET"]}}],"collection":[{"href":"https:\/\/diarioregionaldigital.com.br\/index.php?rest_route=\/wp\/v2\/posts"}],"about":[{"href":"https:\/\/diarioregionaldigital.com.br\/index.php?rest_route=\/wp\/v2\/types\/post"}],"author":[{"embeddable":true,"href":"https:\/\/diarioregionaldigital.com.br\/index.php?rest_route=\/wp\/v2\/users\/96"}],"replies":[{"embeddable":true,"href":"https:\/\/diarioregionaldigital.com.br\/index.php?rest_route=%2Fwp%2Fv2%2Fcomments&post=94444"}],"version-history":[{"count":0,"href":"https:\/\/diarioregionaldigital.com.br\/index.php?rest_route=\/wp\/v2\/posts\/94444\/revisions"}],"wp:featuredmedia":[{"embeddable":true,"href":"https:\/\/diarioregionaldigital.com.br\/index.php?rest_route=\/wp\/v2\/media\/94443"}],"wp:attachment":[{"href":"https:\/\/diarioregionaldigital.com.br\/index.php?rest_route=%2Fwp%2Fv2%2Fmedia&parent=94444"}],"wp:term":[{"taxonomy":"category","embeddable":true,"href":"https:\/\/diarioregionaldigital.com.br\/index.php?rest_route=%2Fwp%2Fv2%2Fcategories&post=94444"},{"taxonomy":"post_tag","embeddable":true,"href":"https:\/\/diarioregionaldigital.com.br\/index.php?rest_route=%2Fwp%2Fv2%2Ftags&post=94444"}],"curies":[{"name":"wp","href":"https:\/\/api.w.org\/{rel}","templated":true}]}}