{"id":94442,"date":"2018-03-23T11:11:15","date_gmt":"2018-03-23T14:11:15","guid":{"rendered":"http:\/\/diarioregionaljf.com.br\/2018\/03\/23\/chuvas-castigam-o-rio-de-janeiro-e-o-norte-do-estado\/"},"modified":"2018-03-23T11:11:15","modified_gmt":"2018-03-23T14:11:15","slug":"chuvas-castigam-o-rio-de-janeiro-e-o-norte-do-estado","status":"publish","type":"post","link":"https:\/\/diarioregionaldigital.com.br\/?p=94442","title":{"rendered":"Chuvas castigam o Rio de Janeiro e o norte do estado"},"content":{"rendered":"<p>Cidades do norte do estado do Rio de Janeiro foram castigadas pelas chuvas de ontem, 22, e de quarta-feira, 21. Em Maca\u00e9, durante tr\u00eas horas na tarde dessa quinta-feira, choveu 70 mil\u00edmetros no distrito de Glic\u00e9rio, o dobro do esperado pela Defesa Civil Municipal.<\/p>\n<p>Uma casa foi afetada por uma encosta que desabou na regi\u00e3o, mas ningu\u00e9m ficou ferido, de acordo com a Defesa Civil Municipal. O rio S\u00e3o Pedro transbordou em alguns pontos. Uma casa foi levada pela enxurrada.<\/p>\n<p>Na cidade vizinha de Campos, a prefeitura entrou em est\u00e1gio de aten\u00e7\u00e3o. Na quarta-feira, choveu mais 46,7 mm, mais do que o dobro do esperado (20 mm). Em Itaperuna, a chuva provocou alagamentos em diversos pontos do munic\u00edpio.<\/p>\n<p>Na cidade do Rio, ontem a regi\u00e3o mais afetada foi a zona sul. No Vidigal, choveu 132,8 mil\u00edmetros em 16 horas. A \u00e1gua acumulada desceu o morro em grandes cascatas que ca\u00edram sobre a avenida Niemeyer, que liga S\u00e3o Conrado ao Leblon, pelo Vidigal. Outras \u00e1reas bastante atingidas foram a Rocinha e Copacabana.<\/p>\n<p>&nbsp;<\/p>\n<h4>RIO \u00c9 AFETADO PELAS \u00c1GUAS<\/h4>\n<p>Houve pelo menos tr\u00eas deslizamentos de terra no Vidigal, Rocinha ou nas proximidades: um na Niemeyer, outro na estrada da G\u00e1vea, que liga a G\u00e1vea a S\u00e3o Conrado (pela Rocinha) e a estrada da Canoa, em S\u00e3o Conrado. Os deslizamentos provocaram fechamentos parciais das vias.<\/p>\n<p>A cidade ficou todo o dia de ontem em est\u00e1gio de aten\u00e7\u00e3o, s\u00f3 retornando ao est\u00e1gio de vigil\u00e2ncia (normalidade), \u00e0 1h45 da madrugada desta sexta-feira.<\/p>\n<p>&nbsp;<\/p>\n<p>Fonte: Ag\u00eancia Brasil<\/p>\n","protected":false},"excerpt":{"rendered":"<p>Cidades do norte do estado do Rio de Janeiro foram castigadas pelas chuvas de ontem, 22, e de quarta-feira, 21. Em Maca\u00e9, durante tr\u00eas horas na tarde dessa quinta-feira, choveu 70 mil\u00edmetros no distrito de Glic\u00e9rio, o dobro do esperado pela Defesa Civil Municipal. Uma casa foi afetada por uma encosta que desabou na regi\u00e3o, [&hellip;]<\/p>\n","protected":false},"author":96,"featured_media":94441,"comment_status":"closed","ping_status":"closed","sticky":false,"template":"","format":"standard","meta":{"footnotes":""},"categories":[302],"tags":[],"class_list":["post-94442","post","type-post","status-publish","format-standard","has-post-thumbnail","hentry","category-brasil-mundo"],"_links":{"self":[{"href":"https:\/\/diarioregionaldigital.com.br\/index.php?rest_route=\/wp\/v2\/posts\/94442","targetHints":{"allow":["GET"]}}],"collection":[{"href":"https:\/\/diarioregionaldigital.com.br\/index.php?rest_route=\/wp\/v2\/posts"}],"about":[{"href":"https:\/\/diarioregionaldigital.com.br\/index.php?rest_route=\/wp\/v2\/types\/post"}],"author":[{"embeddable":true,"href":"https:\/\/diarioregionaldigital.com.br\/index.php?rest_route=\/wp\/v2\/users\/96"}],"replies":[{"embeddable":true,"href":"https:\/\/diarioregionaldigital.com.br\/index.php?rest_route=%2Fwp%2Fv2%2Fcomments&post=94442"}],"version-history":[{"count":0,"href":"https:\/\/diarioregionaldigital.com.br\/index.php?rest_route=\/wp\/v2\/posts\/94442\/revisions"}],"wp:featuredmedia":[{"embeddable":true,"href":"https:\/\/diarioregionaldigital.com.br\/index.php?rest_route=\/wp\/v2\/media\/94441"}],"wp:attachment":[{"href":"https:\/\/diarioregionaldigital.com.br\/index.php?rest_route=%2Fwp%2Fv2%2Fmedia&parent=94442"}],"wp:term":[{"taxonomy":"category","embeddable":true,"href":"https:\/\/diarioregionaldigital.com.br\/index.php?rest_route=%2Fwp%2Fv2%2Fcategories&post=94442"},{"taxonomy":"post_tag","embeddable":true,"href":"https:\/\/diarioregionaldigital.com.br\/index.php?rest_route=%2Fwp%2Fv2%2Ftags&post=94442"}],"curies":[{"name":"wp","href":"https:\/\/api.w.org\/{rel}","templated":true}]}}