{"id":94440,"date":"2018-03-23T11:03:46","date_gmt":"2018-03-23T14:03:46","guid":{"rendered":"http:\/\/diarioregionaljf.com.br\/2018\/03\/23\/dupla-em-moto-rouba-celular-de-rapaz-no-bairro-aeroporto\/"},"modified":"2018-03-23T11:03:46","modified_gmt":"2018-03-23T14:03:46","slug":"dupla-em-moto-rouba-celular-de-rapaz-no-bairro-aeroporto","status":"publish","type":"post","link":"https:\/\/diarioregionaldigital.com.br\/?p=94440","title":{"rendered":"Dupla em moto rouba celular de rapaz no bairro Aeroporto"},"content":{"rendered":"<p>Um jovem de 18 anos foi assaltado por dois indiv\u00edduos, um deles armado com um rev\u00f3lver, no bairro Aeroporto, zona Oeste da cidade, na noite dessa ter\u00e7a-feira, 22.<\/p>\n<p>Segundo relato feito \u00e0 Pol\u00edcia Militar (PM), a v\u00edtima transitava pela Avenida Eug\u00eanio do Nascimento quando foi abordada pela dupla, que estava em uma moto. O carona apontou uma arma ao jovem e, ap\u00f3s amea\u00e7as, exigiu que ele entregasse seu celular.<\/p>\n<p>A v\u00edtima n\u00e3o soube repassar informa\u00e7\u00f5es sobre a motocicleta e nem sobre a arma utilizada pelos assaltantes. Ap\u00f3s o roubo, os autores fugiram rumo ao bairro Dom Bosco. Eles n\u00e3o foram localizados.<\/p>\n","protected":false},"excerpt":{"rendered":"<p>Um jovem de 18 anos foi assaltado por dois indiv\u00edduos, um deles armado com um rev\u00f3lver, no bairro Aeroporto, zona Oeste da cidade, na noite dessa ter\u00e7a-feira, 22. Segundo relato feito \u00e0 Pol\u00edcia Militar (PM), a v\u00edtima transitava pela Avenida Eug\u00eanio do Nascimento quando foi abordada pela dupla, que estava em uma moto. O carona [&hellip;]<\/p>\n","protected":false},"author":96,"featured_media":94439,"comment_status":"closed","ping_status":"closed","sticky":false,"template":"","format":"standard","meta":{"footnotes":""},"categories":[301],"tags":[],"class_list":["post-94440","post","type-post","status-publish","format-standard","has-post-thumbnail","hentry","category-artigos-policiais"],"_links":{"self":[{"href":"https:\/\/diarioregionaldigital.com.br\/index.php?rest_route=\/wp\/v2\/posts\/94440","targetHints":{"allow":["GET"]}}],"collection":[{"href":"https:\/\/diarioregionaldigital.com.br\/index.php?rest_route=\/wp\/v2\/posts"}],"about":[{"href":"https:\/\/diarioregionaldigital.com.br\/index.php?rest_route=\/wp\/v2\/types\/post"}],"author":[{"embeddable":true,"href":"https:\/\/diarioregionaldigital.com.br\/index.php?rest_route=\/wp\/v2\/users\/96"}],"replies":[{"embeddable":true,"href":"https:\/\/diarioregionaldigital.com.br\/index.php?rest_route=%2Fwp%2Fv2%2Fcomments&post=94440"}],"version-history":[{"count":0,"href":"https:\/\/diarioregionaldigital.com.br\/index.php?rest_route=\/wp\/v2\/posts\/94440\/revisions"}],"wp:featuredmedia":[{"embeddable":true,"href":"https:\/\/diarioregionaldigital.com.br\/index.php?rest_route=\/wp\/v2\/media\/94439"}],"wp:attachment":[{"href":"https:\/\/diarioregionaldigital.com.br\/index.php?rest_route=%2Fwp%2Fv2%2Fmedia&parent=94440"}],"wp:term":[{"taxonomy":"category","embeddable":true,"href":"https:\/\/diarioregionaldigital.com.br\/index.php?rest_route=%2Fwp%2Fv2%2Fcategories&post=94440"},{"taxonomy":"post_tag","embeddable":true,"href":"https:\/\/diarioregionaldigital.com.br\/index.php?rest_route=%2Fwp%2Fv2%2Ftags&post=94440"}],"curies":[{"name":"wp","href":"https:\/\/api.w.org\/{rel}","templated":true}]}}