{"id":94438,"date":"2018-03-23T10:51:57","date_gmt":"2018-03-23T13:51:57","guid":{"rendered":"http:\/\/diarioregionaljf.com.br\/2018\/03\/23\/jovem-e-assaltada-por-homem-armado-com-faca-no-centro\/"},"modified":"2018-03-23T10:51:57","modified_gmt":"2018-03-23T13:51:57","slug":"jovem-e-assaltada-por-homem-armado-com-faca-no-centro","status":"publish","type":"post","link":"https:\/\/diarioregionaldigital.com.br\/?p=94438","title":{"rendered":"Jovem \u00e9 assaltada por homem armado com faca no Centro"},"content":{"rendered":"<p>Uma jovem de 22 anos foi assaltada por um homem armado com uma faca na Rua Benjamin Constant, Centro de Juiz de Fora, na noite dessa quinta-feira, 22.<\/p>\n<p>Conforme registro da ocorr\u00eancia na Pol\u00edcia Militar (PM), a v\u00edtima relatou que estava em um ponto de \u00f4nibus quando foi abordada pelo autor, que anunciou o roubo e tentou roubar seu telefone celular. A jovem, no entanto, ofereceu ao assaltante a quantia de R$25. Ele aceitou o valor e fugiu, em rumo ignorado, levando apenas o dinheiro.<\/p>\n<p>Os militares fizeram rastreamento, mas o homem n\u00e3o foi localizado.<\/p>\n","protected":false},"excerpt":{"rendered":"<p>Uma jovem de 22 anos foi assaltada por um homem armado com uma faca na Rua Benjamin Constant, Centro de Juiz de Fora, na noite dessa quinta-feira, 22. Conforme registro da ocorr\u00eancia na Pol\u00edcia Militar (PM), a v\u00edtima relatou que estava em um ponto de \u00f4nibus quando foi abordada pelo autor, que anunciou o roubo [&hellip;]<\/p>\n","protected":false},"author":96,"featured_media":94437,"comment_status":"closed","ping_status":"closed","sticky":false,"template":"","format":"standard","meta":{"footnotes":""},"categories":[301],"tags":[],"class_list":["post-94438","post","type-post","status-publish","format-standard","has-post-thumbnail","hentry","category-artigos-policiais"],"_links":{"self":[{"href":"https:\/\/diarioregionaldigital.com.br\/index.php?rest_route=\/wp\/v2\/posts\/94438","targetHints":{"allow":["GET"]}}],"collection":[{"href":"https:\/\/diarioregionaldigital.com.br\/index.php?rest_route=\/wp\/v2\/posts"}],"about":[{"href":"https:\/\/diarioregionaldigital.com.br\/index.php?rest_route=\/wp\/v2\/types\/post"}],"author":[{"embeddable":true,"href":"https:\/\/diarioregionaldigital.com.br\/index.php?rest_route=\/wp\/v2\/users\/96"}],"replies":[{"embeddable":true,"href":"https:\/\/diarioregionaldigital.com.br\/index.php?rest_route=%2Fwp%2Fv2%2Fcomments&post=94438"}],"version-history":[{"count":0,"href":"https:\/\/diarioregionaldigital.com.br\/index.php?rest_route=\/wp\/v2\/posts\/94438\/revisions"}],"wp:featuredmedia":[{"embeddable":true,"href":"https:\/\/diarioregionaldigital.com.br\/index.php?rest_route=\/wp\/v2\/media\/94437"}],"wp:attachment":[{"href":"https:\/\/diarioregionaldigital.com.br\/index.php?rest_route=%2Fwp%2Fv2%2Fmedia&parent=94438"}],"wp:term":[{"taxonomy":"category","embeddable":true,"href":"https:\/\/diarioregionaldigital.com.br\/index.php?rest_route=%2Fwp%2Fv2%2Fcategories&post=94438"},{"taxonomy":"post_tag","embeddable":true,"href":"https:\/\/diarioregionaldigital.com.br\/index.php?rest_route=%2Fwp%2Fv2%2Ftags&post=94438"}],"curies":[{"name":"wp","href":"https:\/\/api.w.org\/{rel}","templated":true}]}}