{"id":94436,"date":"2018-03-22T23:50:52","date_gmt":"2018-03-23T02:50:52","guid":{"rendered":"http:\/\/diarioregionaljf.com.br\/2018\/03\/22\/stf-decide-que-lula-nao-pode-ser-preso-ate-julgamento-de-habeas-corpus\/"},"modified":"2018-03-22T23:50:52","modified_gmt":"2018-03-23T02:50:52","slug":"stf-decide-que-lula-nao-pode-ser-preso-ate-julgamento-de-habeas-corpus","status":"publish","type":"post","link":"https:\/\/diarioregionaldigital.com.br\/?p=94436","title":{"rendered":"STF decide que Lula n\u00e3o pode ser preso at\u00e9 julgamento de habeas corpus"},"content":{"rendered":"<p>A maioria dos ministros do Supremo Tribunal Federal (STF) decidiu nessa quinta-feira, 22, conceder uma liminar ao ex-presidente Luiz In\u00e1cio Lula da Silva que impede a pris\u00e3o dele at\u00e9 o julgamento do m\u00e9rito do habeas corpus preventivo apresentado pelo ex-presidente \u00e0 Corte. A decis\u00e3o vale at\u00e9 o dia 4 de abril, quando a Corte deve voltar a julgar o habeas corpus apresentado por Lula.<\/p>\n<p>A conclus\u00e3o do julgamento foi adiada porque os ministros julgaram uma preliminar da a\u00e7\u00e3o, fato que tomou todo o tempo da sess\u00e3o.<\/p>\n<p>A decis\u00e3o que concedeu a liminar ao ex-presidente foi tomada porque os ministros entenderam que, por n\u00e3o poderem concluir o julgamento nessa quinta-feira, Lula sairia prejudicado com a situa\u00e7\u00e3o. O pedido liminar foi solicitado pela defesa do ex-presidente diante do adiamento do julgamento.<\/p>\n<p>Votaram a favor da liminar Rosa Weber, Dias Toffoli, Ricardo Lewandowski, Gilmar Mendes, Marco Aur\u00e9lio e Celso de Mello. Os ministros Edson Fachin (relator), Alexandre de Moraes, Lu\u00eds Roberto Barroso, Luiz Fux e a presidente, C\u00e1rmen L\u00facia, se manifestaram contra.<\/p>\n<p>Durante o julgamento, Barroso entendeu que n\u00e3o poderia ser atendido o pedido. \u201cConsidero irrelevante o fato de se tratar de um ex-presidente da Rep\u00fablica. Acho que ele tem que ser tratado como qualquer brasileiro, h\u00e1 uma jurisprud\u00eancia em vigor e n\u00e3o vejo nenhuma raz\u00e3o para concess\u00e3o de liminar\u201d, disse Barroso.<\/p>\n<p>O ministro Gilmar Mendes acompanhou a diverg\u00eancia. \u201c\u00c9 dif\u00edcil me imputar simpatia pelo PT, como todo mundo sabe. Cito Ruy Barbosa: \u2018Se a lei cessa de proteger os nossos advers\u00e1rios, cessa virtualmente de nos proteger\u201d, argumentou.<\/p>\n<p>&nbsp;<\/p>\n<h4>TRF4<\/h4>\n<p>Essa decis\u00e3o do Supremo n\u00e3o impede o julgamento do \u00faltimo recurso de Lula no Tribunal Regional Federal da 4\u00aa Regi\u00e3o (TRF4), previsto para a pr\u00f3xima segunda-feira, 26. \u00c9 o \u00faltimo recurso de Lula contra a condena\u00e7\u00e3o a 12 anos e um m\u00eas de pris\u00e3o na a\u00e7\u00e3o penal do triplex do Guaruj\u00e1 (SP), no \u00e2mbito da Opera\u00e7\u00e3o Lava Jato.<\/p>\n<p>Ap\u00f3s a an\u00e1lise do \u00faltimo recurso, a pris\u00e3o dele pode ser determinada com base na decis\u00e3o do STF que autorizou, em 2016, a deten\u00e7\u00e3o de condenados pela segunda inst\u00e2ncia da Justi\u00e7a.<\/p>\n<p>Fonte: Ag\u00eancia Brasil<\/p>\n","protected":false},"excerpt":{"rendered":"<p>A maioria dos ministros do Supremo Tribunal Federal (STF) decidiu nessa quinta-feira, 22, conceder uma liminar ao ex-presidente Luiz In\u00e1cio Lula da Silva que impede a pris\u00e3o dele at\u00e9 o julgamento do m\u00e9rito do habeas corpus preventivo apresentado pelo ex-presidente \u00e0 Corte. A decis\u00e3o vale at\u00e9 o dia 4 de abril, quando a Corte deve [&hellip;]<\/p>\n","protected":false},"author":96,"featured_media":94435,"comment_status":"closed","ping_status":"closed","sticky":false,"template":"","format":"standard","meta":{"footnotes":""},"categories":[254],"tags":[],"class_list":["post-94436","post","type-post","status-publish","format-standard","has-post-thumbnail","hentry","category-politica"],"_links":{"self":[{"href":"https:\/\/diarioregionaldigital.com.br\/index.php?rest_route=\/wp\/v2\/posts\/94436","targetHints":{"allow":["GET"]}}],"collection":[{"href":"https:\/\/diarioregionaldigital.com.br\/index.php?rest_route=\/wp\/v2\/posts"}],"about":[{"href":"https:\/\/diarioregionaldigital.com.br\/index.php?rest_route=\/wp\/v2\/types\/post"}],"author":[{"embeddable":true,"href":"https:\/\/diarioregionaldigital.com.br\/index.php?rest_route=\/wp\/v2\/users\/96"}],"replies":[{"embeddable":true,"href":"https:\/\/diarioregionaldigital.com.br\/index.php?rest_route=%2Fwp%2Fv2%2Fcomments&post=94436"}],"version-history":[{"count":0,"href":"https:\/\/diarioregionaldigital.com.br\/index.php?rest_route=\/wp\/v2\/posts\/94436\/revisions"}],"wp:featuredmedia":[{"embeddable":true,"href":"https:\/\/diarioregionaldigital.com.br\/index.php?rest_route=\/wp\/v2\/media\/94435"}],"wp:attachment":[{"href":"https:\/\/diarioregionaldigital.com.br\/index.php?rest_route=%2Fwp%2Fv2%2Fmedia&parent=94436"}],"wp:term":[{"taxonomy":"category","embeddable":true,"href":"https:\/\/diarioregionaldigital.com.br\/index.php?rest_route=%2Fwp%2Fv2%2Fcategories&post=94436"},{"taxonomy":"post_tag","embeddable":true,"href":"https:\/\/diarioregionaldigital.com.br\/index.php?rest_route=%2Fwp%2Fv2%2Ftags&post=94436"}],"curies":[{"name":"wp","href":"https:\/\/api.w.org\/{rel}","templated":true}]}}