{"id":94432,"date":"2018-03-22T21:56:11","date_gmt":"2018-03-23T00:56:11","guid":{"rendered":"http:\/\/diarioregionaljf.com.br\/2018\/03\/22\/catorze-passos-da-via-sacra-superando-a-violencia-3\/"},"modified":"2018-04-16T08:05:40","modified_gmt":"2018-04-16T11:05:40","slug":"catorze-passos-da-via-sacra-superando-a-violencia-3","status":"publish","type":"post","link":"https:\/\/diarioregionaldigital.com.br\/?p=94432","title":{"rendered":"Catorze passos da via sacra superando a viol\u00eancia"},"content":{"rendered":"<p>Em continuidade dos artigos anteriores publicados nos dois \u00faltimos domingos, proponho aqui a \u00faltima parte, em prepara\u00e7\u00e3o para a Semana Santa e a P\u00e1scoa, no prisma da Campanha da Fraternidade 2018, cujo tema \u00e9 \u201cFraternidade e supera\u00e7\u00e3o da viol\u00eancia\u201d, com o lema \u201cV\u00f3s Sois todos irm\u00e3os\u201d (Mt 23,8).<\/p>\n<p><strong>12\u00aa Esta\u00e7\u00e3o:<\/strong> Jesus morre na cruz. A morte ignominiosa \u00e9 o resultado cruel da viol\u00eancia estabelecida. \u00c9 o gosto do s\u00e1dico e a pseudo &#8211; vit\u00f3ria do vingativo, o riso do maligno, o desejo do insens\u00edvel, a aparente derrota do amor e do perd\u00e3o. \u201cTudo est\u00e1 consumado\u201d (Jo 19,30), exclama o Mestre. \u201cEm tuas m\u00e3os entrego o meu esp\u00edrito!\u201d (Lc 23, 46). Na morte de Cristo estampa-se a intoler\u00e2ncia religiosa de An\u00e1s e Caif\u00e1s, a corrup\u00e7\u00e3o pol\u00edtica e a irresponsabilidade social de Pilatos e de Herodes. Estas s\u00e3o formas de viol\u00eancia que resultam na destrui\u00e7\u00e3o de pessoas e de povos.<\/p>\n<p>Como n\u00e3o nos lembrarmos dos m\u00e1rtires de hoje, sobretudo os crist\u00e3os trucidados pela intoler\u00e2ncia religiosa do Estado Isl\u00e2mico? Dos m\u00e1rtires v\u00edtimas de leis antirreligiosas que, em nome do Estado Laico, deseja na verdade eliminar a f\u00e9 e o direito das pessoas de serem fi\u00e9is \u00e0 sua op\u00e7\u00e3o religiosa e \u00e0 sua consci\u00eancia. O Estado deve ser laico, mas nunca laicista. O ateu escreveu: \u201cA religi\u00e3o \u00e9 engano de que tem medo do escuro\u201d; ao que o fiel respondeu: \u201cO ate\u00edsmo \u00e9 o engano de quem tem medo da luz\u201d.<\/p>\n<p><strong>13\u00aa Esta\u00e7\u00e3o:<\/strong> Jesus \u00e9 descido da cruz. O corpo f\u00edsico com as marcas da terr\u00edvel viol\u00eancia \u00e9 despregado do madeiro e entregue \u00e0s pessoas que assistiram o mais terr\u00edvel e cruel dos supl\u00edcios. N\u00e3o seria racional que imagin\u00e1ssemos a aus\u00eancia da m\u00e3e neste momento, j\u00e1 que os santos evangelhos narram a sua presen\u00e7a (cf. Jo 19, 25). Ao receber o corpo frio de seu filho, ela o abra\u00e7a em l\u00e1grimas e transpassada pela espada de dor profetizada por Sime\u00e3o (cf Lc 2, 35). Entre todos os que o conheciam, algu\u00e9m n\u00e3o falhou na solidariedade e no amor! As m\u00e3es, em geral n\u00e3o falham. Muito menos as que t\u00eam Deus no cora\u00e7\u00e3o e na vida.<\/p>\n<p>Para a viol\u00eancia h\u00e1 rem\u00e9dio. O mal n\u00e3o vencer\u00e1. Ainda que tudo pare\u00e7a trevas, para quem cr\u00ea, um lume fica aceso ao final do t\u00fanel. \u201cEis aqui a Serva do Senhor, cumpra-se em mim a tua vontade\u201d (Lc 1, 38).<\/p>\n<p><strong>14\u00aa Esta\u00e7\u00e3o:<\/strong> Jesus \u00e9 sepultado. A sepultura \u00e9 o sil\u00eancio da a\u00e7\u00e3o violenta. Embora haja requintes de crueldades quando se assassina e se desrespeite ainda o corpo do morto, a sepultura \u00e9 o fim n\u00e3o para a v\u00edtima, mas para o violento ganancioso, sedento de sangue e de morte. Oferecer sepultamento digno para os mortos \u00e9 um ato de f\u00e9 e um protesto contra todo atitude que provoque a morte n\u00e3o natural, um clamor, sobretudo contra a viol\u00eancia praticada. \u00c9 ato de caridade rezar pelos que n\u00e3o tem a dignidade dos vel\u00f3rios e dos ritos crist\u00e3os das ex\u00e9quias; dos que s\u00e3o depositados em valas comuns por n\u00e3o terem onde ca\u00edrem mortos. \u00c9 ato de solidariedade humana respeitar os corpos dos falecidos.<\/p>\n<p><strong>15\u00aa Esta\u00e7\u00e3o:<\/strong> Jesus Ressuscita. Vit\u00f3ria! Alegria! Paz! A viol\u00eancia foi vencida, o rancor derrotado, a morte perdeu sua for\u00e7a. O al\u00edvio penetrou o cora\u00e7\u00e3o daquele que creu e n\u00e3o desesperou. \u201cSe o gr\u00e3o de trigo que cai na terra n\u00e3o morre, ser\u00e1 apenas uma semente, mas, se morre, brotar\u00e1 e produzir\u00e1 frutos\u201d (Jo 12, 24). Isto garante a for\u00e7a bendita da vida que continua. Fomos criados para a vida eterna. A morte de Cristo nos purificou e podemos respirar seguros e tranquilos. A sepultura para quem cr\u00ea em Cristo \u00e9 como Sacr\u00e1rio que encerra as h\u00f3stias consagradas, mas que se abre de par em par para alimentar com o Corpo Eucar\u00edstico de Cristo, o cora\u00e7\u00e3o do caminheiro da f\u00e9, da esperan\u00e7a e do amor.<\/p>\n<p>Vale a pena construir a cultura da paz, da conc\u00f3rdia, do perd\u00e3o, da ternura, da fraternidade. Assim ser\u00e1 o futuro no lar de Deus, pois se com Cristo morremos, com Cristo ressuscitaremos para a vida eterna. Am\u00e9m.<\/p>\n<p>Deus lhe conceda viver santamente esta semana e lhe proporcione uma feliz Pascoa! Somos todos irm\u00e3os na busca da supera\u00e7\u00e3o da viol\u00eancia, a caminho do c\u00e9u que Deus nos dar\u00e1.<\/p>\n","protected":false},"excerpt":{"rendered":"<p>Em continuidade dos artigos anteriores publicados nos dois \u00faltimos domingos, proponho aqui a \u00faltima parte, em prepara\u00e7\u00e3o para a Semana Santa e a P\u00e1scoa, no prisma da Campanha da Fraternidade 2018, cujo tema \u00e9 \u201cFraternidade e supera\u00e7\u00e3o da viol\u00eancia\u201d, com o lema \u201cV\u00f3s Sois todos irm\u00e3os\u201d (Mt 23,8). 12\u00aa Esta\u00e7\u00e3o: Jesus morre na cruz. A [&hellip;]<\/p>\n","protected":false},"author":96,"featured_media":94431,"comment_status":"closed","ping_status":"closed","sticky":false,"template":"","format":"standard","meta":{"footnotes":""},"categories":[276],"tags":[],"class_list":["post-94432","post","type-post","status-publish","format-standard","has-post-thumbnail","hentry","category-dom-gil"],"_links":{"self":[{"href":"https:\/\/diarioregionaldigital.com.br\/index.php?rest_route=\/wp\/v2\/posts\/94432","targetHints":{"allow":["GET"]}}],"collection":[{"href":"https:\/\/diarioregionaldigital.com.br\/index.php?rest_route=\/wp\/v2\/posts"}],"about":[{"href":"https:\/\/diarioregionaldigital.com.br\/index.php?rest_route=\/wp\/v2\/types\/post"}],"author":[{"embeddable":true,"href":"https:\/\/diarioregionaldigital.com.br\/index.php?rest_route=\/wp\/v2\/users\/96"}],"replies":[{"embeddable":true,"href":"https:\/\/diarioregionaldigital.com.br\/index.php?rest_route=%2Fwp%2Fv2%2Fcomments&post=94432"}],"version-history":[{"count":0,"href":"https:\/\/diarioregionaldigital.com.br\/index.php?rest_route=\/wp\/v2\/posts\/94432\/revisions"}],"wp:featuredmedia":[{"embeddable":true,"href":"https:\/\/diarioregionaldigital.com.br\/index.php?rest_route=\/wp\/v2\/media\/94431"}],"wp:attachment":[{"href":"https:\/\/diarioregionaldigital.com.br\/index.php?rest_route=%2Fwp%2Fv2%2Fmedia&parent=94432"}],"wp:term":[{"taxonomy":"category","embeddable":true,"href":"https:\/\/diarioregionaldigital.com.br\/index.php?rest_route=%2Fwp%2Fv2%2Fcategories&post=94432"},{"taxonomy":"post_tag","embeddable":true,"href":"https:\/\/diarioregionaldigital.com.br\/index.php?rest_route=%2Fwp%2Fv2%2Ftags&post=94432"}],"curies":[{"name":"wp","href":"https:\/\/api.w.org\/{rel}","templated":true}]}}