{"id":94426,"date":"2018-03-22T21:52:11","date_gmt":"2018-03-23T00:52:11","guid":{"rendered":"http:\/\/diarioregionaljf.com.br\/2018\/03\/22\/vias-de-acesso-ao-cerebro\/"},"modified":"2018-04-16T08:10:36","modified_gmt":"2018-04-16T11:10:36","slug":"vias-de-acesso-ao-cerebro","status":"publish","type":"post","link":"https:\/\/diarioregionaldigital.com.br\/?p=94426","title":{"rendered":"VIAS DE ACESSO AO C\u00c9REBRO"},"content":{"rendered":"<p>Medos, traumas e ansiedades n\u00e3o ca\u00edram do c\u00e9u nem nasceram com voc\u00ea. Eles passaram a fazer parte da sua estrutura psicol\u00f3gica, independentemente da sua vontade. Hoje, por\u00e9m, voc\u00ea pode libertar-se deles conscientemente.<\/p>\n<p>Entendendo como funciona o c\u00e9rebro e utilizando as t\u00e9cnicas apropriadas, voc\u00ea \u00e9 capaz de recriar a pr\u00f3pria vida. Para isso, \u00e9 importante voc\u00ea entender que o c\u00e9rebro tem tr\u00eas vias de acesso: a visual, a auditiva e a cinest\u00e9sica.<\/p>\n<p>Cada coisa entrou no seu c\u00e9rebro por uma via, e se voc\u00ea quiser modificar alguma delas, ser\u00e1 mais bem-sucedido se utilizar a mesma via de entrada.<\/p>\n<p>Um medo de errar que sempre se manifesta como uma voz interior dizendo: \u201cCuidado. Voc\u00ea n\u00e3o \u00e9 capaz e pode errar!\u201d, significa que a via pela qual esse medo se instalou foi a auditiva.<\/p>\n<p>Se, em vez disso, voc\u00ea v\u00ea o rosto do professor de matem\u00e1tica dizendo que voc\u00ea nunca vai progredir na vida porque n\u00e3o sabe lidar com n\u00fameros, \u00e9 sinal de que o medo foi instalado pela via visual.<\/p>\n<p>Entretanto, se as lembran\u00e7as v\u00eam \u00e0 sua mente na forma de sensa\u00e7\u00f5es corporais, geralmente acompanhadas de alguma das duas vias anteriores, ent\u00e3o esse medo instalou-se pelo canal cinest\u00e9sico.<\/p>\n<p>Para voc\u00ea entender bem esse processo, pense numa composi\u00e7\u00e3o qu\u00edmica. Pense na \u00e1gua, por exemplo, que \u00e9 composta de duas partes de hidrog\u00eanio e uma de oxig\u00eanio. Com os nossos sentimentos \u00e9 a mesma coisa, eles s\u00e3o compostos de mol\u00e9culas emocionais; cujos \u00e1tomos s\u00e3o:<\/p>\n<p>V: Visual<br \/>A: Auditivo<br \/>C: Cinest\u00e9sico<\/p>\n<p>Sabendo disso, daqui para a frente voc\u00ea vai conhecer-se um pouco mais, sabendo a origem de tudo o que se encontra na sua estrutura psicol\u00f3gica e, conseq\u00fcentemente, podendo cuidar melhor da sua auto-estima.<\/p>\n","protected":false},"excerpt":{"rendered":"<p>Medos, traumas e ansiedades n\u00e3o ca\u00edram do c\u00e9u nem nasceram com voc\u00ea. Eles passaram a fazer parte da sua estrutura psicol\u00f3gica, independentemente da sua vontade. Hoje, por\u00e9m, voc\u00ea pode libertar-se deles conscientemente. Entendendo como funciona o c\u00e9rebro e utilizando as t\u00e9cnicas apropriadas, voc\u00ea \u00e9 capaz de recriar a pr\u00f3pria vida. Para isso, \u00e9 importante voc\u00ea [&hellip;]<\/p>\n","protected":false},"author":96,"featured_media":94425,"comment_status":"closed","ping_status":"closed","sticky":false,"template":"","format":"standard","meta":{"footnotes":""},"categories":[274],"tags":[],"class_list":["post-94426","post","type-post","status-publish","format-standard","has-post-thumbnail","hentry","category-dr-lair-ribeiro"],"_links":{"self":[{"href":"https:\/\/diarioregionaldigital.com.br\/index.php?rest_route=\/wp\/v2\/posts\/94426","targetHints":{"allow":["GET"]}}],"collection":[{"href":"https:\/\/diarioregionaldigital.com.br\/index.php?rest_route=\/wp\/v2\/posts"}],"about":[{"href":"https:\/\/diarioregionaldigital.com.br\/index.php?rest_route=\/wp\/v2\/types\/post"}],"author":[{"embeddable":true,"href":"https:\/\/diarioregionaldigital.com.br\/index.php?rest_route=\/wp\/v2\/users\/96"}],"replies":[{"embeddable":true,"href":"https:\/\/diarioregionaldigital.com.br\/index.php?rest_route=%2Fwp%2Fv2%2Fcomments&post=94426"}],"version-history":[{"count":0,"href":"https:\/\/diarioregionaldigital.com.br\/index.php?rest_route=\/wp\/v2\/posts\/94426\/revisions"}],"wp:featuredmedia":[{"embeddable":true,"href":"https:\/\/diarioregionaldigital.com.br\/index.php?rest_route=\/wp\/v2\/media\/94425"}],"wp:attachment":[{"href":"https:\/\/diarioregionaldigital.com.br\/index.php?rest_route=%2Fwp%2Fv2%2Fmedia&parent=94426"}],"wp:term":[{"taxonomy":"category","embeddable":true,"href":"https:\/\/diarioregionaldigital.com.br\/index.php?rest_route=%2Fwp%2Fv2%2Fcategories&post=94426"},{"taxonomy":"post_tag","embeddable":true,"href":"https:\/\/diarioregionaldigital.com.br\/index.php?rest_route=%2Fwp%2Fv2%2Ftags&post=94426"}],"curies":[{"name":"wp","href":"https:\/\/api.w.org\/{rel}","templated":true}]}}