{"id":94420,"date":"2018-03-22T21:35:33","date_gmt":"2018-03-23T00:35:33","guid":{"rendered":"http:\/\/diarioregionaljf.com.br\/2018\/03\/22\/especialista-da-dicas-de-como-o-empresario-pode-economizar-agua\/"},"modified":"2018-03-22T21:35:33","modified_gmt":"2018-03-23T00:35:33","slug":"especialista-da-dicas-de-como-o-empresario-pode-economizar-agua","status":"publish","type":"post","link":"https:\/\/diarioregionaldigital.com.br\/?p=94420","title":{"rendered":"Especialista d\u00e1 dicas de como o empres\u00e1rio pode economizar \u00e1gua"},"content":{"rendered":"<p>Iniciativas para economizar dentro das empresas s\u00e3o sempre bem-vindas. Cada vez mais as organiza\u00e7\u00f5es t\u00eam buscado solu\u00e7\u00f5es para poupar gastos. Quando o assunto \u00e9 o desperd\u00edcio de \u00e1gua, muitas medidas est\u00e3o sendo adotadas para contornar esse problema. Perante o agravante da crise h\u00eddrica no pa\u00eds, principalmente devido \u00e0 falta de chuva em algumas regi\u00f5es, certas estrat\u00e9gias, al\u00e9m de reduzir custos, ajudam a preservar o meio ambiente, afinal, nenhum neg\u00f3cio sobrevive sem \u00e1gua.<\/p>\n<p>Um levantamento realizado pelo Servi\u00e7o Brasileiro de Apoio \u00e0s Micro e Pequenas Empresas de Minas (Sebrae Minas), em 2017, mostra que 17% das Micro e Pequenas Empresas (MPE) mineiras foram atingidas pelo desabastecimento de \u00e1gua. Desse percentual, 54% adotaram alguma a\u00e7\u00e3o para reduzir o consumo de \u00e1gua. Apesar de uma situa\u00e7\u00e3o um pouco mais est\u00e1vel em 2018, 40% das MPE temem enfrentar o racionamento de \u00e1gua neste ano.<\/p>\n<p>Segundo a analista da Unidade de Inova\u00e7\u00e3o e Sustentabilidade do Sebrae Minas, J\u00falia Padovezi, atitudes simples que n\u00e3o requerem grandes investimentos, mas podem evitar situa\u00e7\u00f5es de desabastecimento e aliviar as contas no fim do m\u00eas. \u201cVai depender do porte da empresa. Por\u00e9m, o mais importante \u00e9 a conscientiza\u00e7\u00e3o dos funcion\u00e1rios. Ele precisa saber sobre o impacto que esse desperd\u00edcio acarreta na empresa. Afinal de contas, \u00e1gua jogada fora significa dinheiro que est\u00e1 indo embora e n\u00e3o foi gasto com que realmente precisa e poderia ser investido na capacita\u00e7\u00e3o do pr\u00f3prio empregado\u201d, explica.<\/p>\n<p>J\u00falia afirma que se tratando de uma grande ind\u00fastria, o processo utilizado pode ser o respons\u00e1vel pelo gasto desnecess\u00e1rio de \u00e1gua. \u201cPode ser que a \u00e1gua esteja sendo utilizada de maneira incorreta para resfriar algum equipamento, uma torneira que foi deixada aberta, o equipamento de descarga que n\u00e3o \u00e9 adequado, um vazamento, s\u00e3o in\u00fameras as possibilidades\u201d, ressalta ela, acrescentando que essas situa\u00e7\u00f5es n\u00e3o s\u00e3o exclusivas dos grandes empres\u00e1rios. \u201cAcontece em bares, restaurantes, em quaisquer resid\u00eancias e precisa ser revisto\u201d, diz.<\/p>\n<p>Ela reitera que as consequ\u00eancias podem ser grandes, principalmente, para os MPE. \u201cImagina um pequeno neg\u00f3cio, que j\u00e1 tem v\u00e1rios gastos. \u00c9 um empres\u00e1rio que est\u00e1 tentando sobreviver e ao fim do m\u00eas ele tem que pagar as contas. Quando calculamos esse desperd\u00edcio ao longo do ano, o preju\u00edzo \u00e9 muito grande. Portanto, se ele consegue reduzir esse custo, aumenta as suas possibilidades de evolu\u00e7\u00e3o\u201d, afirma. \u201cSabemos que o desperd\u00edcio reflete negativamente no meio ambiente. A \u00e1gua n\u00e3o \u00e9 finita. Uma empresa sem ela morre. Tivemos casos recentes, em estados do pa\u00eds que passaram pela falta d\u2019\u00e1gua, que culminou no fechamento de empresas. Por isso, a import\u00e2ncia da conscientiza\u00e7\u00e3o\u201d, complementa J\u00falia.<\/p>\n<p>&nbsp;<\/p>\n<h4>MAS COMO FAZER PARA ECONOMIZAR?<\/h4>\n<p>Conforme a analista do Sebrae, existem alternativas de baixo custo no mercado que podem auxiliar o empres\u00e1rio. \u201cExistem equipamentos que reduzem a vaz\u00e3o das torneiras e podem ser utilizadas para controlar o desperd\u00edcio. Muitos empres\u00e1rios est\u00e3o optando por usar torneiras autom\u00e1ticas, que regulam a sa\u00edda da \u00e1gua, alguns est\u00e3o reutilizando aquele fluido que sai do ar condicionado para lavar o ch\u00e3o e outros que armazenam \u00e1gua das chuvas. S\u00e3o atitudes simples que ajudam\u201d, diz.<\/p>\n<p>Aproveitando o \u201cDia Mundial da \u00c1gua\u201d, comemorado nessa quarta-feira, 22, J\u00falia listou mais algumas dicas para alertar os empres\u00e1rios como pequenas atitudes podem transformar em uma grande economia para o bolso.<\/p>\n<p>&nbsp;<\/p>\n<h4>DICAS&nbsp;<\/h4>\n<p>\u2022 N\u00e3o lave a cal\u00e7ada ou a entrada da sua empresa com mangueira.<br \/>\u2022 Conserte vazamentos e canos furados.<br \/>\u2022 Fa\u00e7a a capta\u00e7\u00e3o e use a \u00e1gua da chuva para limpeza de \u00e1reas externas.<br \/>\u2022 N\u00e3o deixe a \u00e1gua correndo enquanto est\u00e1 ensaboando as lou\u00e7as.<br \/>\u2022 Use uma vassoura para limpar as folhas e outras sujeiras, para gerar uma boa economia nas suas despesas.<br \/>\u2022 Oriente seus funcion\u00e1rios a n\u00e3o deixarem a torneira pingando, ao fech\u00e1-la.<br \/>\u2022 Saber ler o hidr\u00f4metro \u00e9 muito simples e pode ajudar a detectar problemas, percebidos pelo consumo fora do normal.<br \/>\u2022 Antes de abrir a torneira, retire o excesso de sujeira dos pratos, copos, talheres e panelas, a seco.<br \/>\u2022 D\u00ea prefer\u00eancia a equipamento que reduza o consumo de \u00e1gua.<br \/>\u2022 Economize \u00e1gua na manuten\u00e7\u00e3o do jardim.<br \/>\u2022 Lave o carro de sua empresa a seco.<br \/>\u2022 Diminua custos de limpeza, adotando produtos biodegrad\u00e1veis.<br \/>\u2022 Utilize uma v\u00e1lvula (aerador) nas torneiras para diminuir a vaz\u00e3o da \u00e1gua.<br \/>\u2022 Troque as antigas descargas com v\u00e1lvulas por descargas acopladas com caixa, que consomem menos \u00e1gua.<br \/>\u2022 Use de maneira eficiente o ar condicionado.<br \/>\u2022 Sinalize \u00e1reas comuns de sua empresa sobre o uso e consumo de \u00e1gua.<\/p>\n","protected":false},"excerpt":{"rendered":"<p>Iniciativas para economizar dentro das empresas s\u00e3o sempre bem-vindas. Cada vez mais as organiza\u00e7\u00f5es t\u00eam buscado solu\u00e7\u00f5es para poupar gastos. Quando o assunto \u00e9 o desperd\u00edcio de \u00e1gua, muitas medidas est\u00e3o sendo adotadas para contornar esse problema. Perante o agravante da crise h\u00eddrica no pa\u00eds, principalmente devido \u00e0 falta de chuva em algumas regi\u00f5es, certas [&hellip;]<\/p>\n","protected":false},"author":96,"featured_media":94419,"comment_status":"closed","ping_status":"closed","sticky":false,"template":"","format":"standard","meta":{"footnotes":""},"categories":[253],"tags":[],"class_list":["post-94420","post","type-post","status-publish","format-standard","has-post-thumbnail","hentry","category-cidade"],"_links":{"self":[{"href":"https:\/\/diarioregionaldigital.com.br\/index.php?rest_route=\/wp\/v2\/posts\/94420","targetHints":{"allow":["GET"]}}],"collection":[{"href":"https:\/\/diarioregionaldigital.com.br\/index.php?rest_route=\/wp\/v2\/posts"}],"about":[{"href":"https:\/\/diarioregionaldigital.com.br\/index.php?rest_route=\/wp\/v2\/types\/post"}],"author":[{"embeddable":true,"href":"https:\/\/diarioregionaldigital.com.br\/index.php?rest_route=\/wp\/v2\/users\/96"}],"replies":[{"embeddable":true,"href":"https:\/\/diarioregionaldigital.com.br\/index.php?rest_route=%2Fwp%2Fv2%2Fcomments&post=94420"}],"version-history":[{"count":0,"href":"https:\/\/diarioregionaldigital.com.br\/index.php?rest_route=\/wp\/v2\/posts\/94420\/revisions"}],"wp:featuredmedia":[{"embeddable":true,"href":"https:\/\/diarioregionaldigital.com.br\/index.php?rest_route=\/wp\/v2\/media\/94419"}],"wp:attachment":[{"href":"https:\/\/diarioregionaldigital.com.br\/index.php?rest_route=%2Fwp%2Fv2%2Fmedia&parent=94420"}],"wp:term":[{"taxonomy":"category","embeddable":true,"href":"https:\/\/diarioregionaldigital.com.br\/index.php?rest_route=%2Fwp%2Fv2%2Fcategories&post=94420"},{"taxonomy":"post_tag","embeddable":true,"href":"https:\/\/diarioregionaldigital.com.br\/index.php?rest_route=%2Fwp%2Fv2%2Ftags&post=94420"}],"curies":[{"name":"wp","href":"https:\/\/api.w.org\/{rel}","templated":true}]}}